{"id":399,"date":"2012-03-05T11:12:08","date_gmt":"2012-03-05T11:12:08","guid":{"rendered":"http:\/\/www.real.edu.ee\/ajaveeb\/rp\/?p=399"},"modified":"2012-04-03T08:19:30","modified_gmt":"2012-04-03T08:19:30","slug":"veebruar-2012","status":"publish","type":"post","link":"https:\/\/www.real.edu.ee\/ajaveeb\/rp\/2012\/03\/05\/veebruar-2012\/","title":{"rendered":"veebruar 2012"},"content":{"rendered":"<p>K\u00fclm veebruar on l\u00f5ppemas ning vahepeal sulale l\u00e4inud ilm andis lootust kevade seekordseks varajaseks saabumiseks. Hetkel on aga j\u00e4lle lund sadama hakanud, ning kraadid miinustesse p\u00f6\u00f6ranud &#8211; seda vist eelk\u00f5ige suusap\u00e4eva toimumise huvides.<a href=\"http:\/\/www.real.edu.ee\/ajaveeb\/rp\/files\/2012\/03\/RP_veebr12.jpg\"><img loading=\"lazy\" decoding=\"async\" class=\"alignright size-full wp-image-400\" title=\"RP_veebr12\" src=\"http:\/\/www.real.edu.ee\/ajaveeb\/rp\/files\/2012\/03\/RP_veebr12.jpg\" alt=\"\" width=\"150\" height=\"212\" \/><\/a><br \/>\nEks ilmast tulegi palju r\u00e4\u00e4kida ning sel korral tuleb ka lehes juttu ekstreemsetest miinuskraadidest.K\u00fclmale ilmale vastukaaluks k\u00fctab inimeste seas hetkel kirgi ACTA, selles osas jagab oma arvamust Sander Udam 11.c klassist. Veebruari j\u00e4id treffneristide k\u00fclask\u00e4ik ja Moelennuk &#8211; ka nende s\u00fcndmuste kajastamisest ei saa \u00fcle ega \u00fcmber. Lisaks veel s\u00f5bra- ja vastlap\u00e4ev ning vabariigi aastap\u00e4ev, millest k\u00f5nelevad v\u00e4ikese maja \u00f5pilased.<br \/>\nLehe l\u00f5pust leiate filmi- ja plaadisoovitused ning \u00f5petajate streigi ajaks m\u00f5eldud ajaviite.<br \/>\nSeniks aga kuni streik k\u00e4tte j\u00f5uab tuleb g\u00fcmnaasiumil k\u00e4ia teatrireisil ning kogu koolil suusap\u00e4eval. Nendel teemadel aga juba j\u00e4rgmises lehes!<br \/>\nMerit<br \/>\n<strong>Sisukord<\/strong><br \/>\nlk 2 Presidendi s\u00f5na \u201cKuula!\u201d<br \/>\nlk 3 Arvamus \u201cMis on omand?\u201d<br \/>\nlk 4 HTG \u201cTreffneristide k\u00fclask\u00e4ik Reaali\u201d<br \/>\nlk 5 Koolielu \u201cArmastus on \u00f5hus, see kleebib nagu moos\u201d, &#8220;Suusatundidest&#8221;<br \/>\nlk 6 Tartu rahu &#8220;Tartu rahu &#8211; viimane samm vabaduse teel&#8221;<br \/>\nlk 7 Koolielu \u201cPeriood\u00f5ppest\u201d<br \/>\nlk 8 &#8211; 9 Mood \u201cMoelennuk 2012\u201d<br \/>\nlk 10-11 Intervjuu \u201cKaks musikaalset Roosi\u201d<br \/>\nlk 12 -273,15 &#8220;Reaali reaalsed miinuskraadid&#8221;<br \/>\nlk 13 -273,15 \u201cK\u00fcll k\u00fclmast\u201d, &#8220;F\u00fc\u00fcsika \u00f5pikojad&#8221;<br \/>\nlk 14 Kultuur \u201cKuhu minna?\u201d, &#8220;Armastatud&#8221;, &#8220;For example&#8221;<br \/>\nlk 15 V\u00e4ike maja &#8220;Luulet&#8221;<br \/>\nlk 16 \u00d5petajate \u00fctlused, sudoku<\/p>\n<p><a href=\"http:\/\/www.real.edu.ee\/ajaveeb\/rp\/files\/2012\/03\/RP_veebr_2012.pdf\" target=\"_blank\">Loe ajalehte!<\/a><\/p>\n","protected":false},"excerpt":{"rendered":"<p>K\u00fclm veebruar on l\u00f5ppemas ning vahepeal sulale l\u00e4inud ilm andis lootust kevade seekordseks varajaseks saabumiseks. Hetkel on aga j\u00e4lle lund sadama hakanud, ning kraadid miinustesse p\u00f6\u00f6ranud &#8211; seda vist eelk\u00f5ige suusap\u00e4eva toimumise huvides. Eks ilmast tulegi palju r\u00e4\u00e4kida ning sel korral tuleb ka lehes juttu ekstreemsetest miinuskraadidest.K\u00fclmale ilmale vastukaaluks k\u00fctab inimeste seas hetkel kirgi ACTA, [&hellip;]<\/p>\n","protected":false},"author":1,"featured_media":0,"comment_status":"closed","ping_status":"open","sticky":false,"template":"","format":"standard","meta":{"footnotes":""},"categories":[7],"tags":[],"class_list":["post-399","post","type-post","status-publish","format-standard","hentry","category-7"],"_links":{"self":[{"href":"https:\/\/www.real.edu.ee\/ajaveeb\/rp\/wp-json\/wp\/v2\/posts\/399","targetHints":{"allow":["GET"]}}],"collection":[{"href":"https:\/\/www.real.edu.ee\/ajaveeb\/rp\/wp-json\/wp\/v2\/posts"}],"about":[{"href":"https:\/\/www.real.edu.ee\/ajaveeb\/rp\/wp-json\/wp\/v2\/types\/post"}],"author":[{"embeddable":true,"href":"https:\/\/www.real.edu.ee\/ajaveeb\/rp\/wp-json\/wp\/v2\/users\/1"}],"replies":[{"embeddable":true,"href":"https:\/\/www.real.edu.ee\/ajaveeb\/rp\/wp-json\/wp\/v2\/comments?post=399"}],"version-history":[{"count":3,"href":"https:\/\/www.real.edu.ee\/ajaveeb\/rp\/wp-json\/wp\/v2\/posts\/399\/revisions"}],"predecessor-version":[{"id":422,"href":"https:\/\/www.real.edu.ee\/ajaveeb\/rp\/wp-json\/wp\/v2\/posts\/399\/revisions\/422"}],"wp:attachment":[{"href":"https:\/\/www.real.edu.ee\/ajaveeb\/rp\/wp-json\/wp\/v2\/media?parent=399"}],"wp:term":[{"taxonomy":"category","embeddable":true,"href":"https:\/\/www.real.edu.ee\/ajaveeb\/rp\/wp-json\/wp\/v2\/categories?post=399"},{"taxonomy":"post_tag","embeddable":true,"href":"https:\/\/www.real.edu.ee\/ajaveeb\/rp\/wp-json\/wp\/v2\/tags?post=399"}],"curies":[{"name":"wp","href":"https:\/\/api.w.org\/{rel}","templated":true}]}}