{"id":11,"date":"2008-02-21T18:43:44","date_gmt":"2008-02-21T16:43:44","guid":{"rendered":"http:\/\/rp.real.edu.ee\/?p=11"},"modified":"2008-02-21T18:43:44","modified_gmt":"2008-02-21T16:43:44","slug":"reaali-poiss-80-luuletus","status":"publish","type":"post","link":"https:\/\/www.real.edu.ee\/ajaveeb\/rp\/2008\/02\/21\/reaali-poiss-80-luuletus\/","title":{"rendered":"Reaali Poiss 80 luuletus"},"content":{"rendered":"<p><strong>Autor: Anu Kuurme<br \/>\n<em>Number 3 (71)<br \/>\nDetsember 2007<\/em><\/strong><\/p>\n<p>13. november<br \/>\nsiis l\u00e4bi on september<br \/>\nsaab Reaali poiss nii vanaks<br \/>\nkuid me ei pane pahaks<br \/>\n80 t\u00e4hendab<br \/>\net meid k\u00f5iki see l\u00e4hendab<\/p>\n<p>Miinuskraadides tseremoonia kestis kolmveerand tundi<br \/>\ng\u00fcmnaasiumi\u00f5pilasi rivis seisma sundi<\/p>\n<p><img loading=\"lazy\" decoding=\"async\" src=\"http:\/\/www.real.edu.ee\/ajaveeb\/rp\/files\/2008\/02\/reaalipoissesileht.jpg\" alt=\"reaalipoissesileht.JPG\" height=\"282\" width=\"376\" \/><\/p>\n<p>K\u00f5ne pidas presidendih\u00e4rra Ilves<br \/>\nilm siis oli vaheldumisi pilves<br \/>\nka Nikolai Kunits\u00f5n k\u00f5nega maha sai<br \/>\nselle eest teeme ta rastapatsidele pai<\/p>\n<p>siis poisi ette palju p\u00e4rgi panti<br \/>\nja uhkele v\u00f5itlejale au anti<br \/>\nPoisi ees seisid nii \u00f5pilased Reaalist,<br \/>\nJakob Westholmist, kui\u00a0 GAG-st<\/p>\n<p>Riigikogu esimees Ene Ergma kohal oli<br \/>\nja L\u00e4ti, Leedu, Soome, Rootsi, Taani, Suurbritannia esindajadki kohale tulid<\/p>\n<p>Hiljem k\u00f5ik k\u00fclmunud varbad said sooja<br \/>\niga teine inimene majas oli teejooja<br \/>\nsamuti sai saia aula ees<br \/>\naga aula sees<br \/>\noli n\u00e4htud palju vaeva<br \/>\net k\u00f5ik huvlised saaksid Vabaduss\u00f5ja relvi tulla kaema<\/p>\n<p>Kes peale s\u00f6\u00f6ki tahtis<br \/>\nEstonias ajalookonverentsi vahtis<\/p>\n<p>Reaali Poiss on monument<br \/>\nmille hinda ei kanna \u00fcle ei kopikas ega sent<\/p>\n","protected":false},"excerpt":{"rendered":"<p>Autor: Anu Kuurme Number 3 (71) Detsember 2007 13. november siis l\u00e4bi on september saab Reaali poiss nii vanaks kuid me ei pane pahaks 80 t\u00e4hendab et meid k\u00f5iki see l\u00e4hendab Miinuskraadides tseremoonia kestis kolmveerand tundi g\u00fcmnaasiumi\u00f5pilasi rivis seisma sundi K\u00f5ne pidas presidendih\u00e4rra Ilves ilm siis oli vaheldumisi pilves ka Nikolai Kunits\u00f5n k\u00f5nega maha sai [&hellip;]<\/p>\n","protected":false},"author":1,"featured_media":0,"comment_status":"open","ping_status":"open","sticky":false,"template":"","format":"standard","meta":{"footnotes":""},"categories":[1],"tags":[],"class_list":["post-11","post","type-post","status-publish","format-standard","hentry","category-maaratlemata"],"_links":{"self":[{"href":"https:\/\/www.real.edu.ee\/ajaveeb\/rp\/wp-json\/wp\/v2\/posts\/11","targetHints":{"allow":["GET"]}}],"collection":[{"href":"https:\/\/www.real.edu.ee\/ajaveeb\/rp\/wp-json\/wp\/v2\/posts"}],"about":[{"href":"https:\/\/www.real.edu.ee\/ajaveeb\/rp\/wp-json\/wp\/v2\/types\/post"}],"author":[{"embeddable":true,"href":"https:\/\/www.real.edu.ee\/ajaveeb\/rp\/wp-json\/wp\/v2\/users\/1"}],"replies":[{"embeddable":true,"href":"https:\/\/www.real.edu.ee\/ajaveeb\/rp\/wp-json\/wp\/v2\/comments?post=11"}],"version-history":[{"count":0,"href":"https:\/\/www.real.edu.ee\/ajaveeb\/rp\/wp-json\/wp\/v2\/posts\/11\/revisions"}],"wp:attachment":[{"href":"https:\/\/www.real.edu.ee\/ajaveeb\/rp\/wp-json\/wp\/v2\/media?parent=11"}],"wp:term":[{"taxonomy":"category","embeddable":true,"href":"https:\/\/www.real.edu.ee\/ajaveeb\/rp\/wp-json\/wp\/v2\/categories?post=11"},{"taxonomy":"post_tag","embeddable":true,"href":"https:\/\/www.real.edu.ee\/ajaveeb\/rp\/wp-json\/wp\/v2\/tags?post=11"}],"curies":[{"name":"wp","href":"https:\/\/api.w.org\/{rel}","templated":true}]}}