{"id":6,"date":"2021-09-27T19:23:53","date_gmt":"2021-09-27T17:23:53","guid":{"rendered":"https:\/\/www.real.edu.ee\/ajaveeb\/142c\/?p=6"},"modified":"2022-05-30T17:00:40","modified_gmt":"2022-05-30T15:00:40","slug":"tutvumisuritus-31-augustil","status":"publish","type":"post","link":"https:\/\/www.real.edu.ee\/ajaveeb\/arh142c\/2021\/09\/27\/tutvumisuritus-31-augustil\/","title":{"rendered":"Kohtumine 31. augustil"},"content":{"rendered":"<div class=\"mceTemp\"><\/div>\n<div id=\"attachment_7\" style=\"width: 310px\" class=\"wp-caption aligncenter\"><img loading=\"lazy\" decoding=\"async\" aria-describedby=\"caption-attachment-7\" class=\"wp-image-7 size-medium\" src=\"http:\/\/www.real.edu.ee\/ajaveeb\/142c\/files\/2021\/09\/20210831_124123-300x169.jpg\" alt=\"\" width=\"300\" height=\"169\" srcset=\"https:\/\/www.real.edu.ee\/ajaveeb\/arh142c\/files\/2021\/09\/20210831_124123-300x169.jpg 300w, https:\/\/www.real.edu.ee\/ajaveeb\/arh142c\/files\/2021\/09\/20210831_124123-1024x576.jpg 1024w, https:\/\/www.real.edu.ee\/ajaveeb\/arh142c\/files\/2021\/09\/20210831_124123-768x432.jpg 768w, https:\/\/www.real.edu.ee\/ajaveeb\/arh142c\/files\/2021\/09\/20210831_124123-1536x864.jpg 1536w, https:\/\/www.real.edu.ee\/ajaveeb\/arh142c\/files\/2021\/09\/20210831_124123-2048x1152.jpg 2048w\" sizes=\"auto, (max-width: 300px) 100vw, 300px\" \/><p id=\"caption-attachment-7\" class=\"wp-caption-text\">Meie esimene klassipilt. Pildistas \u00f5p. Piret<\/p><\/div>\n<p><span style=\"background-color: #ffffff;font-size: 16px\">Tere! Oleme 142.c klass ning see on meie ajaveebi esimene postitus. Oleme reaalikad olnud varsti juba kuu aega ja leidsime, et on aeg hakata kirjutama oma tegemistest.<\/span><\/p>\n<p>31. augustil toimus meil klassi tutvumis\u00fcritus. Esimene kohtumine oli meil k\u00fcll kevadel, kuid maskide tagant \u00fcksteist eriti h\u00e4sti n\u00e4ha polnud.<br \/>\nSaime kokku hommikul kell 10.00 klassis 403. Klassijuhataja jagas meile p\u00e4evikud, millesse kohe olulist informatsiooni kirjutama hakkasime ning \u00f5pilaspiletid. Samal ajal k\u00e4isime ka raamatukogus \u00f5pikuid ja t\u00f6\u00f6vihikuid toomas ning arvutiklassis meiliaadressi ning Moodle paroole vahetamas. Klassis r\u00e4\u00e4kisime veel l\u00e4bi m\u00f5ned olulised asjad ning siis suundusime kodust kaasa v\u00f5etud hea ja paremaga \u00f5ue.<br \/>\n\u00d5ues v\u00f5tsime koha sisse Tallinna Kesklinna P\u00f5hikooli hoovi ning v\u00e4ikse maja k\u00f5rval treppidel. Tegime v\u00e4ikese s\u00f6\u00f6gipausi ning kohe p\u00e4rast seda hakkasime tutvumism\u00e4nge m\u00e4ngima. M\u00e4ngisime klassiga erinevaid m\u00e4nge, mille abil me \u00fcksteist tundma \u00f5ppisime, n\u00e4iteks saime teada mille huvitavaga teised kooliv\u00e4liselt tegelevad.<br \/>\nP\u00e4rast mitmeid erinevaid m\u00e4nge seadsime sammud kodu poole.<br \/>\nTerve klass j\u00e4i \u00fcritusega v\u00e4ga rahule ning saime \u00fcksteise kohta palju uusi teadmisi.<\/p>\n<p>Kirjutas Herta<\/p>\n<p>&nbsp;<\/p>\n","protected":false},"excerpt":{"rendered":"<p>Tere! Oleme 142.c klass ning see on meie ajaveebi esimene postitus. Oleme reaalikad olnud varsti juba kuu aega ja leidsime, et on aeg hakata kirjutama oma tegemistest. 31. augustil toimus meil klassi tutvumis\u00fcritus. Esimene kohtumine oli meil k\u00fcll kevadel, kuid maskide tagant \u00fcksteist eriti h\u00e4sti n\u00e4ha polnud. Saime kokku hommikul kell 10.00 klassis 403. Klassijuhataja [&hellip;]<\/p>\n","protected":false},"author":187,"featured_media":0,"comment_status":"closed","ping_status":"open","sticky":false,"template":"","format":"standard","meta":{"footnotes":""},"categories":[1],"tags":[],"class_list":["post-6","post","type-post","status-publish","format-standard","hentry","category-uncategorized"],"_links":{"self":[{"href":"https:\/\/www.real.edu.ee\/ajaveeb\/arh142c\/wp-json\/wp\/v2\/posts\/6","targetHints":{"allow":["GET"]}}],"collection":[{"href":"https:\/\/www.real.edu.ee\/ajaveeb\/arh142c\/wp-json\/wp\/v2\/posts"}],"about":[{"href":"https:\/\/www.real.edu.ee\/ajaveeb\/arh142c\/wp-json\/wp\/v2\/types\/post"}],"author":[{"embeddable":true,"href":"https:\/\/www.real.edu.ee\/ajaveeb\/arh142c\/wp-json\/wp\/v2\/users\/187"}],"replies":[{"embeddable":true,"href":"https:\/\/www.real.edu.ee\/ajaveeb\/arh142c\/wp-json\/wp\/v2\/comments?post=6"}],"version-history":[{"count":7,"href":"https:\/\/www.real.edu.ee\/ajaveeb\/arh142c\/wp-json\/wp\/v2\/posts\/6\/revisions"}],"predecessor-version":[{"id":279,"href":"https:\/\/www.real.edu.ee\/ajaveeb\/arh142c\/wp-json\/wp\/v2\/posts\/6\/revisions\/279"}],"wp:attachment":[{"href":"https:\/\/www.real.edu.ee\/ajaveeb\/arh142c\/wp-json\/wp\/v2\/media?parent=6"}],"wp:term":[{"taxonomy":"category","embeddable":true,"href":"https:\/\/www.real.edu.ee\/ajaveeb\/arh142c\/wp-json\/wp\/v2\/categories?post=6"},{"taxonomy":"post_tag","embeddable":true,"href":"https:\/\/www.real.edu.ee\/ajaveeb\/arh142c\/wp-json\/wp\/v2\/tags?post=6"}],"curies":[{"name":"wp","href":"https:\/\/api.w.org\/{rel}","templated":true}]}}