{"id":51,"date":"2021-10-15T20:04:14","date_gmt":"2021-10-15T18:04:14","guid":{"rendered":"https:\/\/www.real.edu.ee\/ajaveeb\/142c\/?p=51"},"modified":"2022-03-22T20:41:47","modified_gmt":"2022-03-22T18:41:47","slug":"teatris-kas-kalad-magavad","status":"publish","type":"post","link":"https:\/\/www.real.edu.ee\/ajaveeb\/arh142c\/2021\/10\/15\/teatris-kas-kalad-magavad\/","title":{"rendered":"Teatris Kas kalad magavad?"},"content":{"rendered":"<p>Me k\u00e4isime klassiga neljap\u00e4eval, 14. oktoobril, vaatamas VAT teatri etendust &#8220;Kas kalad magavad?&#8221;. Meil l\u00e4ks v\u00e4ga h\u00e4sti, kuna see oli viimane kord kui seda etendust m\u00e4ngiti.<br \/>Etendus r\u00e4\u00e4kis leinast, kaotusest ja sellest, kuidas laps sellega toime tuleb. See r\u00e4\u00e4kis Jutast, kes oli tavaline 10. aastane t\u00fcdruk, kellel oli tavaline v\u00e4ike vend, keda enam ei olnud, kuna ta suri v\u00e4hki. <br \/>Etenduses m\u00e4ngis ainult \u00fcks n\u00e4itleja. Ta m\u00e4ngis Jutat, kes r\u00e4\u00e4kis oma elust, oma vennast, inimestest enda \u00fcmber ja sellest, kuidas kaotus inimesi m\u00f5jutab. <br \/>Etendus r\u00e4\u00e4kis ka sellest, kuidas Juta j\u00e4rsku m\u00f5istis, et t\u00e4iskasvanud tihtipeale ei tea \u00fcldesegi k\u00f5ike.<br \/>Sellest, kuidas ta vanemad oma kaotusvalus ja raskustes endasse t\u00f5mbusid ja teda aidata ei osanud.<br \/>L\u00f5puks k\u00fcll leidis ta inimesed, kes teadsid, mida ta tunneb kui ta grupiteraapiasse suunati. Ja ta oli v\u00f5imeline oma kaotusega leppima ning ta sai elus edasi liikuda ilma, et iga m\u00e4lestus Emilist, ta v\u00e4ikesest vennast, teda nutma ajaks.<br \/>See oli kurb ja \u00fcsnagi raske teema, aga \u00f5nneks tuli vahepeal etta ka helgemaid kohti.<br \/>Etendus oli hea ja Jutat m\u00e4nginud n\u00e4itleja tegi seda v\u00e4ga elutruult. Me j\u00e4ime k\u00f5ik sellega rahule ja see andis palju m\u00f5tlemisainet.<\/p>\r\n<p><img loading=\"lazy\" decoding=\"async\" class=\"\" src=\"https:\/\/www.piletimaailm.com\/pictures\/264755\/medium\" alt=\"Medium\" width=\"192\" height=\"255\" \/>\u00a0 VAT teatri reklaamplakat &#8220;Kas kalad magavad?&#8221; Link https:\/\/www.piletimaailm.com\/performances\/75607-kas-kalad-magavad?lang=et_EE<\/p>\r\n<p>Kirjutas Kaisa<\/p>\r\n<!--\/data\/user\/0\/com.samsung.android.app.notes\/files\/clipdata\/clipdata_bodytext_211030_190244_894.sdocx-->\r\n\r\n","protected":false},"excerpt":{"rendered":"<p>Me k\u00e4isime klassiga neljap\u00e4eval, 14. oktoobril, vaatamas VAT teatri etendust &#8220;Kas kalad magavad?&#8221;. Meil l\u00e4ks v\u00e4ga h\u00e4sti, kuna see oli viimane kord kui seda etendust m\u00e4ngiti.Etendus r\u00e4\u00e4kis leinast, kaotusest ja sellest, kuidas laps sellega toime tuleb. See r\u00e4\u00e4kis Jutast, kes oli tavaline 10. aastane t\u00fcdruk, kellel oli tavaline v\u00e4ike vend, keda enam ei olnud, kuna [&hellip;]<\/p>\n","protected":false},"author":187,"featured_media":0,"comment_status":"closed","ping_status":"open","sticky":false,"template":"","format":"standard","meta":{"footnotes":""},"categories":[1],"tags":[],"class_list":["post-51","post","type-post","status-publish","format-standard","hentry","category-uncategorized"],"_links":{"self":[{"href":"https:\/\/www.real.edu.ee\/ajaveeb\/arh142c\/wp-json\/wp\/v2\/posts\/51","targetHints":{"allow":["GET"]}}],"collection":[{"href":"https:\/\/www.real.edu.ee\/ajaveeb\/arh142c\/wp-json\/wp\/v2\/posts"}],"about":[{"href":"https:\/\/www.real.edu.ee\/ajaveeb\/arh142c\/wp-json\/wp\/v2\/types\/post"}],"author":[{"embeddable":true,"href":"https:\/\/www.real.edu.ee\/ajaveeb\/arh142c\/wp-json\/wp\/v2\/users\/187"}],"replies":[{"embeddable":true,"href":"https:\/\/www.real.edu.ee\/ajaveeb\/arh142c\/wp-json\/wp\/v2\/comments?post=51"}],"version-history":[{"count":5,"href":"https:\/\/www.real.edu.ee\/ajaveeb\/arh142c\/wp-json\/wp\/v2\/posts\/51\/revisions"}],"predecessor-version":[{"id":174,"href":"https:\/\/www.real.edu.ee\/ajaveeb\/arh142c\/wp-json\/wp\/v2\/posts\/51\/revisions\/174"}],"wp:attachment":[{"href":"https:\/\/www.real.edu.ee\/ajaveeb\/arh142c\/wp-json\/wp\/v2\/media?parent=51"}],"wp:term":[{"taxonomy":"category","embeddable":true,"href":"https:\/\/www.real.edu.ee\/ajaveeb\/arh142c\/wp-json\/wp\/v2\/categories?post=51"},{"taxonomy":"post_tag","embeddable":true,"href":"https:\/\/www.real.edu.ee\/ajaveeb\/arh142c\/wp-json\/wp\/v2\/tags?post=51"}],"curies":[{"name":"wp","href":"https:\/\/api.w.org\/{rel}","templated":true}]}}