{"id":495,"date":"2023-09-11T18:50:18","date_gmt":"2023-09-11T16:50:18","guid":{"rendered":"https:\/\/www.real.edu.ee\/ajaveeb\/142c\/?p=495"},"modified":"2023-09-11T18:50:18","modified_gmt":"2023-09-11T16:50:18","slug":"viimane-esimene-paev","status":"publish","type":"post","link":"https:\/\/www.real.edu.ee\/ajaveeb\/arh142c\/2023\/09\/11\/viimane-esimene-paev\/","title":{"rendered":"Viimane esimene p\u00e4ev"},"content":{"rendered":"\r\n<p>1.septembri aktus on iga aasta v\u00f5rdlemisi sama, v\u00e4hemalt \u00f5pilaste jaoks. Sellest hoolimata ma arvan, et t\u00e4na hommikul tundsid enamus meist veidi teisiti, kui eelmisel kaheksal aastal. V\u00f5ib-olla m\u00e4ngis rolli aktuse toimumise asukoht, aga ma arvan, et peamine oli arusaam, et selle kollektiiviga on meil j\u00e4\u00e4nud veel 180 p\u00e4eva neid tuttavaks saanud koolipinke n\u00fchkida. Ja esimesed 45 min. armsas &#8211; kui s\u00fcdamel\u00e4hedane see n\u00fc\u00fcd kellele kui palju on &#8211; 403 klassis n\u00e4itasid meile, et k\u00f5ik* (*\u00f5hkkond ja hoovused jms geograafiline) on teisiti, aga siiski t\u00e4pselt samamoodi. <br \/><br \/>Hiljem kui seisime ridades selles v\u00e4ikses saalis, vasakul k\u00e4el meie lend ja paremal k\u00f5ik nooremad, tekkis veidi uhke tunne ka, et p\u00f5hikooli vanim klass ja puha. Direktori k\u00f5ne oli seekord kuidagi l\u00fchem ja aktus ise ka. Ei j\u00f5udnud alatagi, kui juba oligi l\u00e4bi &#8211; \u00f6eldakse, et see \u00f5ppeaasta l\u00e4heb samamoodi. Eks n\u00e4is. (Esimene n\u00e4dal tundus k\u00fcll kuidagi v\u00e4ga pikaks venivat).<br \/><br \/>P\u00e4rast l\u00e4ks iga\u00fcks ka omal viisil t\u00e4nast p\u00e4eva eriliseks p\u00fchitsema. Ja kui ma selle tarbeks kooli ees oma s\u00f5brannasid ootasin, v\u00e4ljus majast selle aasta 7.c. Niisama moodi nagu meie kaks aastat tagasi seda tegime &#8211; hirmu, ootus\u00e4revuse ja uhkusega. Tol p\u00e4eval, kui tulin uude kooli uue klassit\u00e4ie v\u00f5hiv\u00f5\u00f5rastega, tundsin end, nagu oleksin minemas taas esimesse klassi. Ning iroonilisel kombel ka praegu &#8211; hoolimata asjaolust, et nii koolimaja kui inimesed on juba \u00fcpris koduseks kujunenud. <br \/><br \/>Seltsimehed, 52 n\u00e4dala p\u00e4rast vabastatakse meid koolikohustusest ja t\u00f5en\u00e4oliselt ei saa kogu kamp peale seda enam kunagi kokku, seega, \u00e4rgem raisakem neid hetki. \u00dcks k\u00f5ikide, k\u00f5ik \u00fche eest!<br \/><br \/>Kirjutas Heli<\/p>\r\n","protected":false},"excerpt":{"rendered":"<p>1.septembri aktus on iga aasta v\u00f5rdlemisi sama, v\u00e4hemalt \u00f5pilaste jaoks. Sellest hoolimata ma arvan, et t\u00e4na hommikul tundsid enamus meist veidi teisiti, kui eelmisel kaheksal aastal. V\u00f5ib-olla m\u00e4ngis rolli aktuse toimumise asukoht, aga ma arvan, et peamine oli arusaam, et selle kollektiiviga on meil j\u00e4\u00e4nud veel 180 p\u00e4eva neid tuttavaks saanud koolipinke n\u00fchkida. Ja esimesed [&hellip;]<\/p>\n","protected":false},"author":187,"featured_media":0,"comment_status":"closed","ping_status":"open","sticky":false,"template":"","format":"standard","meta":{"footnotes":""},"categories":[1],"tags":[],"class_list":["post-495","post","type-post","status-publish","format-standard","hentry","category-uncategorized"],"_links":{"self":[{"href":"https:\/\/www.real.edu.ee\/ajaveeb\/arh142c\/wp-json\/wp\/v2\/posts\/495","targetHints":{"allow":["GET"]}}],"collection":[{"href":"https:\/\/www.real.edu.ee\/ajaveeb\/arh142c\/wp-json\/wp\/v2\/posts"}],"about":[{"href":"https:\/\/www.real.edu.ee\/ajaveeb\/arh142c\/wp-json\/wp\/v2\/types\/post"}],"author":[{"embeddable":true,"href":"https:\/\/www.real.edu.ee\/ajaveeb\/arh142c\/wp-json\/wp\/v2\/users\/187"}],"replies":[{"embeddable":true,"href":"https:\/\/www.real.edu.ee\/ajaveeb\/arh142c\/wp-json\/wp\/v2\/comments?post=495"}],"version-history":[{"count":2,"href":"https:\/\/www.real.edu.ee\/ajaveeb\/arh142c\/wp-json\/wp\/v2\/posts\/495\/revisions"}],"predecessor-version":[{"id":498,"href":"https:\/\/www.real.edu.ee\/ajaveeb\/arh142c\/wp-json\/wp\/v2\/posts\/495\/revisions\/498"}],"wp:attachment":[{"href":"https:\/\/www.real.edu.ee\/ajaveeb\/arh142c\/wp-json\/wp\/v2\/media?parent=495"}],"wp:term":[{"taxonomy":"category","embeddable":true,"href":"https:\/\/www.real.edu.ee\/ajaveeb\/arh142c\/wp-json\/wp\/v2\/categories?post=495"},{"taxonomy":"post_tag","embeddable":true,"href":"https:\/\/www.real.edu.ee\/ajaveeb\/arh142c\/wp-json\/wp\/v2\/tags?post=495"}],"curies":[{"name":"wp","href":"https:\/\/api.w.org\/{rel}","templated":true}]}}