{"id":458,"date":"2023-04-18T21:33:08","date_gmt":"2023-04-18T19:33:08","guid":{"rendered":"https:\/\/www.real.edu.ee\/ajaveeb\/142c\/?p=458"},"modified":"2023-04-18T21:33:08","modified_gmt":"2023-04-18T19:33:08","slug":"klassiga-ooperitunnis","status":"publish","type":"post","link":"https:\/\/www.real.edu.ee\/ajaveeb\/arh142c\/2023\/04\/18\/klassiga-ooperitunnis\/","title":{"rendered":"Klassiga ooperitunnis"},"content":{"rendered":"<p>&nbsp;<\/p>\n<p><span style=\"font-weight: 400\">Me k\u00e4isime oma klassiga 20. veebruaril ooperitunnis Rahvusooper Estonias.Seal \u00f5ppisime me ooperi ajaloo, kuulsamate ooperi heliloojate ja palju muu kohta.uulasime helin\u00e4iteid erinevatest ooperitest ning ka erinevatest h\u00e4\u00e4ler\u00fchmadest. Saime n\u00e4o j\u00e4rgi arvata ka rahvusooper Estonia soliste ning kuulata neid laulmas. Veel tutvusime piltide j\u00e4rgi maailmakuulste ooperiteatritega. Saime kuulda ooperitunni l\u00e4biviija poolt ka Georges Bizeti \u201cHabanerat\u201d ooperist \u201cCarmen\u201d.<\/span><\/p>\n<p><span style=\"font-weight: 400\">Peale v\u00e4ikest ooperiajaloo tundi r\u00e4\u00e4kisime Gaetano Donizetti \u201cDon Pasqualest\u201d, mida ka klassiga vaatama l\u00e4heme. Tutvusime selle ooperi tegelaste ja looga ning saime selle kohta ka palju huvitavat teada. Ma arven, et Rahvusooper Estonia k\u00fclastades saime teada palju huvitavat ooperi kohta ja kindlasti saime ka targemaks.<\/span><\/p>\n<p>&nbsp;<\/p>\n<p><span style=\"font-weight: 400\">Kirjutas Timo Tingas<\/span><\/p>\n<p><br style=\"font-weight: 400\" \/><br style=\"font-weight: 400\" \/><\/p>\n","protected":false},"excerpt":{"rendered":"<p>&nbsp; Me k\u00e4isime oma klassiga 20. veebruaril ooperitunnis Rahvusooper Estonias.Seal \u00f5ppisime me ooperi ajaloo, kuulsamate ooperi heliloojate ja palju muu kohta.uulasime helin\u00e4iteid erinevatest ooperitest ning ka erinevatest h\u00e4\u00e4ler\u00fchmadest. Saime n\u00e4o j\u00e4rgi arvata ka rahvusooper Estonia soliste ning kuulata neid laulmas. Veel tutvusime piltide j\u00e4rgi maailmakuulste ooperiteatritega. Saime kuulda ooperitunni l\u00e4biviija poolt ka Georges Bizeti \u201cHabanerat\u201d [&hellip;]<\/p>\n","protected":false},"author":187,"featured_media":0,"comment_status":"closed","ping_status":"open","sticky":false,"template":"","format":"standard","meta":{"footnotes":""},"categories":[1],"tags":[],"class_list":["post-458","post","type-post","status-publish","format-standard","hentry","category-uncategorized"],"_links":{"self":[{"href":"https:\/\/www.real.edu.ee\/ajaveeb\/arh142c\/wp-json\/wp\/v2\/posts\/458","targetHints":{"allow":["GET"]}}],"collection":[{"href":"https:\/\/www.real.edu.ee\/ajaveeb\/arh142c\/wp-json\/wp\/v2\/posts"}],"about":[{"href":"https:\/\/www.real.edu.ee\/ajaveeb\/arh142c\/wp-json\/wp\/v2\/types\/post"}],"author":[{"embeddable":true,"href":"https:\/\/www.real.edu.ee\/ajaveeb\/arh142c\/wp-json\/wp\/v2\/users\/187"}],"replies":[{"embeddable":true,"href":"https:\/\/www.real.edu.ee\/ajaveeb\/arh142c\/wp-json\/wp\/v2\/comments?post=458"}],"version-history":[{"count":1,"href":"https:\/\/www.real.edu.ee\/ajaveeb\/arh142c\/wp-json\/wp\/v2\/posts\/458\/revisions"}],"predecessor-version":[{"id":459,"href":"https:\/\/www.real.edu.ee\/ajaveeb\/arh142c\/wp-json\/wp\/v2\/posts\/458\/revisions\/459"}],"wp:attachment":[{"href":"https:\/\/www.real.edu.ee\/ajaveeb\/arh142c\/wp-json\/wp\/v2\/media?parent=458"}],"wp:term":[{"taxonomy":"category","embeddable":true,"href":"https:\/\/www.real.edu.ee\/ajaveeb\/arh142c\/wp-json\/wp\/v2\/categories?post=458"},{"taxonomy":"post_tag","embeddable":true,"href":"https:\/\/www.real.edu.ee\/ajaveeb\/arh142c\/wp-json\/wp\/v2\/tags?post=458"}],"curies":[{"name":"wp","href":"https:\/\/api.w.org\/{rel}","templated":true}]}}