{"id":422,"date":"2023-03-16T07:42:49","date_gmt":"2023-03-16T05:42:49","guid":{"rendered":"https:\/\/www.real.edu.ee\/ajaveeb\/142c\/?p=422"},"modified":"2023-03-16T07:42:49","modified_gmt":"2023-03-16T05:42:49","slug":"suusapaev-korvemaal-2","status":"publish","type":"post","link":"https:\/\/www.real.edu.ee\/ajaveeb\/arh142c\/2023\/03\/16\/suusapaev-korvemaal-2\/","title":{"rendered":"Suusap\u00e4ev K\u00f5rvemaal"},"content":{"rendered":"\r\n<p><br \/><br \/>16. veebruaril k\u00e4sime koos paralleelklassidega K\u00f5rvemaal viimast suusailma nautimas. Lund k\u00fcll eriti palju ei olnud, aga see meid ei peatanud. K\u00f5ik pidid kokku s\u00f5itma 5km. See aasta osalesid meie klassist klassidevahelisel teatev\u00f5istlusel: Heli Valgev\u00e4li, Ellen Kobin, Mirtel Kurgp\u00f5ld, Sebastian Suppi, Tau Sebastian M\u00f6lder ja Jasper V\u00e4hk. Tublid suusatajad saavutasid napilt 2. koha, oleme uhked! P\u00e4rast pingutust saime nautida pikki liuge kelgum\u00e4el ning sooja suppi.<\/p>\r\n<p>Kirjutas Liisa<\/p>\r\n\n\t\t<style type=\"text\/css\">\n\t\t\t#gallery-1 {\n\t\t\t\tmargin: auto;\n\t\t\t}\n\t\t\t#gallery-1 .gallery-item {\n\t\t\t\tfloat: left;\n\t\t\t\tmargin-top: 10px;\n\t\t\t\ttext-align: center;\n\t\t\t\twidth: 33%;\n\t\t\t}\n\t\t\t#gallery-1 img {\n\t\t\t\tborder: 2px solid #cfcfcf;\n\t\t\t}\n\t\t\t#gallery-1 .gallery-caption {\n\t\t\t\tmargin-left: 0;\n\t\t\t}\n\t\t\t\/* see gallery_shortcode() in wp-includes\/media.php *\/\n\t\t<\/style>\n\t\t<div id='gallery-1' class='gallery galleryid-422 gallery-columns-3 gallery-size-thumbnail'><dl class='gallery-item'>\n\t\t\t<dt class='gallery-icon portrait'>\n\t\t\t\t<a href='https:\/\/www.real.edu.ee\/ajaveeb\/arh142c\/2023\/03\/16\/suusapaev-korvemaal-2\/received_747067300269746\/'><img loading=\"lazy\" decoding=\"async\" width=\"150\" height=\"150\" src=\"https:\/\/www.real.edu.ee\/ajaveeb\/arh142c\/files\/2023\/03\/received_747067300269746-150x150.jpeg\" class=\"attachment-thumbnail size-thumbnail\" alt=\"\" \/><\/a>\n\t\t\t<\/dt><\/dl><dl class='gallery-item'>\n\t\t\t<dt class='gallery-icon portrait'>\n\t\t\t\t<a href='https:\/\/www.real.edu.ee\/ajaveeb\/arh142c\/2023\/03\/16\/suusapaev-korvemaal-2\/received_673794441166012\/'><img loading=\"lazy\" decoding=\"async\" width=\"150\" height=\"150\" src=\"https:\/\/www.real.edu.ee\/ajaveeb\/arh142c\/files\/2023\/03\/received_673794441166012-150x150.jpeg\" class=\"attachment-thumbnail size-thumbnail\" alt=\"\" \/><\/a>\n\t\t\t<\/dt><\/dl><dl class='gallery-item'>\n\t\t\t<dt class='gallery-icon landscape'>\n\t\t\t\t<a href='https:\/\/www.real.edu.ee\/ajaveeb\/arh142c\/2023\/03\/16\/suusapaev-korvemaal-2\/received_501338482161700\/'><img loading=\"lazy\" decoding=\"async\" width=\"150\" height=\"150\" src=\"https:\/\/www.real.edu.ee\/ajaveeb\/arh142c\/files\/2023\/03\/received_501338482161700-150x150.jpeg\" class=\"attachment-thumbnail size-thumbnail\" alt=\"\" \/><\/a>\n\t\t\t<\/dt><\/dl><br style=\"clear: both\" \/><dl class='gallery-item'>\n\t\t\t<dt class='gallery-icon portrait'>\n\t\t\t\t<a href='https:\/\/www.real.edu.ee\/ajaveeb\/arh142c\/2023\/03\/16\/suusapaev-korvemaal-2\/received_1900757873594202\/'><img loading=\"lazy\" decoding=\"async\" width=\"150\" height=\"150\" src=\"https:\/\/www.real.edu.ee\/ajaveeb\/arh142c\/files\/2023\/03\/received_1900757873594202-150x150.jpeg\" class=\"attachment-thumbnail size-thumbnail\" alt=\"\" \/><\/a>\n\t\t\t<\/dt><\/dl>\n\t\t\t<br style='clear: both' \/>\n\t\t<\/div>\n\r\n","protected":false},"excerpt":{"rendered":"<p>16. veebruaril k\u00e4sime koos paralleelklassidega K\u00f5rvemaal viimast suusailma nautimas. Lund k\u00fcll eriti palju ei olnud, aga see meid ei peatanud. K\u00f5ik pidid kokku s\u00f5itma 5km. See aasta osalesid meie klassist klassidevahelisel teatev\u00f5istlusel: Heli Valgev\u00e4li, Ellen Kobin, Mirtel Kurgp\u00f5ld, Sebastian Suppi, Tau Sebastian M\u00f6lder ja Jasper V\u00e4hk. Tublid suusatajad saavutasid napilt 2. koha, oleme uhked! P\u00e4rast [&hellip;]<\/p>\n","protected":false},"author":187,"featured_media":0,"comment_status":"closed","ping_status":"open","sticky":false,"template":"","format":"standard","meta":{"footnotes":""},"categories":[1],"tags":[],"class_list":["post-422","post","type-post","status-publish","format-standard","hentry","category-uncategorized"],"_links":{"self":[{"href":"https:\/\/www.real.edu.ee\/ajaveeb\/arh142c\/wp-json\/wp\/v2\/posts\/422","targetHints":{"allow":["GET"]}}],"collection":[{"href":"https:\/\/www.real.edu.ee\/ajaveeb\/arh142c\/wp-json\/wp\/v2\/posts"}],"about":[{"href":"https:\/\/www.real.edu.ee\/ajaveeb\/arh142c\/wp-json\/wp\/v2\/types\/post"}],"author":[{"embeddable":true,"href":"https:\/\/www.real.edu.ee\/ajaveeb\/arh142c\/wp-json\/wp\/v2\/users\/187"}],"replies":[{"embeddable":true,"href":"https:\/\/www.real.edu.ee\/ajaveeb\/arh142c\/wp-json\/wp\/v2\/comments?post=422"}],"version-history":[{"count":3,"href":"https:\/\/www.real.edu.ee\/ajaveeb\/arh142c\/wp-json\/wp\/v2\/posts\/422\/revisions"}],"predecessor-version":[{"id":430,"href":"https:\/\/www.real.edu.ee\/ajaveeb\/arh142c\/wp-json\/wp\/v2\/posts\/422\/revisions\/430"}],"wp:attachment":[{"href":"https:\/\/www.real.edu.ee\/ajaveeb\/arh142c\/wp-json\/wp\/v2\/media?parent=422"}],"wp:term":[{"taxonomy":"category","embeddable":true,"href":"https:\/\/www.real.edu.ee\/ajaveeb\/arh142c\/wp-json\/wp\/v2\/categories?post=422"},{"taxonomy":"post_tag","embeddable":true,"href":"https:\/\/www.real.edu.ee\/ajaveeb\/arh142c\/wp-json\/wp\/v2\/tags?post=422"}],"curies":[{"name":"wp","href":"https:\/\/api.w.org\/{rel}","templated":true}]}}