{"id":385,"date":"2022-10-05T21:34:14","date_gmt":"2022-10-05T19:34:14","guid":{"rendered":"https:\/\/www.real.edu.ee\/ajaveeb\/142c\/?p=385"},"modified":"2023-01-02T15:57:43","modified_gmt":"2023-01-02T13:57:43","slug":"kooli-sunnipaev","status":"publish","type":"post","link":"https:\/\/www.real.edu.ee\/ajaveeb\/arh142c\/2022\/10\/05\/kooli-sunnipaev\/","title":{"rendered":"Kooli s\u00fcnnip\u00e4ev"},"content":{"rendered":"\r\n<p>29. septembril t\u00e4histasime Tallinna Reaalkooli 141. s\u00fcnnip\u00e4eva. Selle puhul tulid meile k\u00fclla 3 vilistlast 130. lennust. Klemet, Annemai ja M\u00e4rten r\u00e4\u00e4kisid meile oma koolip\u00f5lvest ning kuidas oma karj\u00e4\u00e4ri leidsid. Saime h\u00e4id n\u00e4pun\u00e4iteid selle kohta, mida pidada oluliseks koolielus. Peale seda oli meil \u00fchine aktus ning tordi s\u00f6\u00f6mine. P\u00e4ev l\u00f5ppes, nagu ikka, pum-t\u0161iga-pummiga.<\/p>\r\n<p>Kirjutas Mirtel<\/p>\r\n<p><img loading=\"lazy\" decoding=\"async\" class=\"alignnone size-medium wp-image-388\" src=\"http:\/\/www.real.edu.ee\/ajaveeb\/142c\/files\/2022\/12\/20220929_124920-300x225.jpg\" alt=\"\" width=\"300\" height=\"225\" srcset=\"https:\/\/www.real.edu.ee\/ajaveeb\/arh142c\/files\/2022\/12\/20220929_124920-300x225.jpg 300w, https:\/\/www.real.edu.ee\/ajaveeb\/arh142c\/files\/2022\/12\/20220929_124920-1024x768.jpg 1024w, https:\/\/www.real.edu.ee\/ajaveeb\/arh142c\/files\/2022\/12\/20220929_124920-768x576.jpg 768w, https:\/\/www.real.edu.ee\/ajaveeb\/arh142c\/files\/2022\/12\/20220929_124920-1536x1152.jpg 1536w, https:\/\/www.real.edu.ee\/ajaveeb\/arh142c\/files\/2022\/12\/20220929_124920-2048x1536.jpg 2048w\" sizes=\"auto, (max-width: 300px) 100vw, 300px\" \/><!--more--><\/p>\r\n","protected":false},"excerpt":{"rendered":"<p>29. septembril t\u00e4histasime Tallinna Reaalkooli 141. s\u00fcnnip\u00e4eva. Selle puhul tulid meile k\u00fclla 3 vilistlast 130. lennust. Klemet, Annemai ja M\u00e4rten r\u00e4\u00e4kisid meile oma koolip\u00f5lvest ning kuidas oma karj\u00e4\u00e4ri leidsid. Saime h\u00e4id n\u00e4pun\u00e4iteid selle kohta, mida pidada oluliseks koolielus. Peale seda oli meil \u00fchine aktus ning tordi s\u00f6\u00f6mine. P\u00e4ev l\u00f5ppes, nagu ikka, pum-t\u0161iga-pummiga. Kirjutas Mirtel<\/p>\n","protected":false},"author":187,"featured_media":0,"comment_status":"closed","ping_status":"open","sticky":false,"template":"","format":"standard","meta":{"footnotes":""},"categories":[1],"tags":[],"class_list":["post-385","post","type-post","status-publish","format-standard","hentry","category-uncategorized"],"_links":{"self":[{"href":"https:\/\/www.real.edu.ee\/ajaveeb\/arh142c\/wp-json\/wp\/v2\/posts\/385","targetHints":{"allow":["GET"]}}],"collection":[{"href":"https:\/\/www.real.edu.ee\/ajaveeb\/arh142c\/wp-json\/wp\/v2\/posts"}],"about":[{"href":"https:\/\/www.real.edu.ee\/ajaveeb\/arh142c\/wp-json\/wp\/v2\/types\/post"}],"author":[{"embeddable":true,"href":"https:\/\/www.real.edu.ee\/ajaveeb\/arh142c\/wp-json\/wp\/v2\/users\/187"}],"replies":[{"embeddable":true,"href":"https:\/\/www.real.edu.ee\/ajaveeb\/arh142c\/wp-json\/wp\/v2\/comments?post=385"}],"version-history":[{"count":6,"href":"https:\/\/www.real.edu.ee\/ajaveeb\/arh142c\/wp-json\/wp\/v2\/posts\/385\/revisions"}],"predecessor-version":[{"id":396,"href":"https:\/\/www.real.edu.ee\/ajaveeb\/arh142c\/wp-json\/wp\/v2\/posts\/385\/revisions\/396"}],"wp:attachment":[{"href":"https:\/\/www.real.edu.ee\/ajaveeb\/arh142c\/wp-json\/wp\/v2\/media?parent=385"}],"wp:term":[{"taxonomy":"category","embeddable":true,"href":"https:\/\/www.real.edu.ee\/ajaveeb\/arh142c\/wp-json\/wp\/v2\/categories?post=385"},{"taxonomy":"post_tag","embeddable":true,"href":"https:\/\/www.real.edu.ee\/ajaveeb\/arh142c\/wp-json\/wp\/v2\/tags?post=385"}],"curies":[{"name":"wp","href":"https:\/\/api.w.org\/{rel}","templated":true}]}}