{"id":341,"date":"2022-09-02T12:47:19","date_gmt":"2022-09-02T10:47:19","guid":{"rendered":"https:\/\/www.real.edu.ee\/ajaveeb\/142c\/?p=341"},"modified":"2023-05-03T13:50:53","modified_gmt":"2023-05-03T11:50:53","slug":"uus-kooliaasta","status":"publish","type":"post","link":"https:\/\/www.real.edu.ee\/ajaveeb\/arh142c\/2022\/09\/02\/uus-kooliaasta\/","title":{"rendered":"Uus kooliaasta"},"content":{"rendered":"\r\n<p>P\u00e4rast pikka ja h\u00e4sti v\u00e4ljateenitud suvepuhkust suundusime 1. septembril staadionile, kus \u00fches teiste koolikaaslastega v\u00f5tsime vastu uue kooliaasta. Aktusel laulsime lippe heisates h\u00fcmni ja kuulasime direktori k\u00f5net. P\u00e4rast seda kui olime pudireaga ka l\u00f5puks koolimajja tagasi j\u00f5udnud, ronisime k\u00e4hku \u00fcles neljandale korrusele klassijuhataja tundi. Klassijuhataja tunnis r\u00e4\u00e4kisime oma suveseiklustest ja arutasime ka k\u00f5iksugu kooliteemasid. P\u00e4rast oma uute garderoobi kohtade \u00fclevaatamist sai meie esimene koolip\u00e4ev 8. klassi \u00f5pilastena l\u00e4bi<\/p>\r\n<ul>\r\n<li>\r\n\n\t\t<style type=\"text\/css\">\n\t\t\t#gallery-1 {\n\t\t\t\tmargin: auto;\n\t\t\t}\n\t\t\t#gallery-1 .gallery-item {\n\t\t\t\tfloat: left;\n\t\t\t\tmargin-top: 10px;\n\t\t\t\ttext-align: center;\n\t\t\t\twidth: 33%;\n\t\t\t}\n\t\t\t#gallery-1 img {\n\t\t\t\tborder: 2px solid #cfcfcf;\n\t\t\t}\n\t\t\t#gallery-1 .gallery-caption {\n\t\t\t\tmargin-left: 0;\n\t\t\t}\n\t\t\t\/* see gallery_shortcode() in wp-includes\/media.php *\/\n\t\t<\/style>\n\t\t<div id='gallery-1' class='gallery galleryid-341 gallery-columns-3 gallery-size-thumbnail'><dl class='gallery-item'>\n\t\t\t<dt class='gallery-icon portrait'>\n\t\t\t\t<a href='https:\/\/www.real.edu.ee\/ajaveeb\/arh142c\/2022\/09\/02\/uus-kooliaasta\/screenshot_20230503-144934_docs\/'><img loading=\"lazy\" decoding=\"async\" width=\"150\" height=\"150\" src=\"https:\/\/www.real.edu.ee\/ajaveeb\/arh142c\/files\/2022\/09\/Screenshot_20230503-144934_Docs-150x150.jpg\" class=\"attachment-thumbnail size-thumbnail\" alt=\"\" \/><\/a>\n\t\t\t<\/dt><\/dl><dl class='gallery-item'>\n\t\t\t<dt class='gallery-icon landscape'>\n\t\t\t\t<a href='https:\/\/www.real.edu.ee\/ajaveeb\/arh142c\/2022\/09\/02\/uus-kooliaasta\/screenshot_20230503-144821_docs\/'><img loading=\"lazy\" decoding=\"async\" width=\"150\" height=\"150\" src=\"https:\/\/www.real.edu.ee\/ajaveeb\/arh142c\/files\/2022\/09\/Screenshot_20230503-144821_Docs-150x150.jpg\" class=\"attachment-thumbnail size-thumbnail\" alt=\"\" \/><\/a>\n\t\t\t<\/dt><\/dl>\n\t\t\t<br style='clear: both' \/>\n\t\t<\/div>\n\r\n<\/li>\r\n<\/ul>\r\n<p>Kirjutas Herta<\/p>\r\n","protected":false},"excerpt":{"rendered":"<p>P\u00e4rast pikka ja h\u00e4sti v\u00e4ljateenitud suvepuhkust suundusime 1. septembril staadionile, kus \u00fches teiste koolikaaslastega v\u00f5tsime vastu uue kooliaasta. Aktusel laulsime lippe heisates h\u00fcmni ja kuulasime direktori k\u00f5net. P\u00e4rast seda kui olime pudireaga ka l\u00f5puks koolimajja tagasi j\u00f5udnud, ronisime k\u00e4hku \u00fcles neljandale korrusele klassijuhataja tundi. Klassijuhataja tunnis r\u00e4\u00e4kisime oma suveseiklustest ja arutasime ka k\u00f5iksugu kooliteemasid. P\u00e4rast [&hellip;]<\/p>\n","protected":false},"author":187,"featured_media":0,"comment_status":"closed","ping_status":"open","sticky":false,"template":"","format":"standard","meta":{"footnotes":""},"categories":[1],"tags":[],"class_list":["post-341","post","type-post","status-publish","format-standard","hentry","category-uncategorized"],"_links":{"self":[{"href":"https:\/\/www.real.edu.ee\/ajaveeb\/arh142c\/wp-json\/wp\/v2\/posts\/341","targetHints":{"allow":["GET"]}}],"collection":[{"href":"https:\/\/www.real.edu.ee\/ajaveeb\/arh142c\/wp-json\/wp\/v2\/posts"}],"about":[{"href":"https:\/\/www.real.edu.ee\/ajaveeb\/arh142c\/wp-json\/wp\/v2\/types\/post"}],"author":[{"embeddable":true,"href":"https:\/\/www.real.edu.ee\/ajaveeb\/arh142c\/wp-json\/wp\/v2\/users\/187"}],"replies":[{"embeddable":true,"href":"https:\/\/www.real.edu.ee\/ajaveeb\/arh142c\/wp-json\/wp\/v2\/comments?post=341"}],"version-history":[{"count":5,"href":"https:\/\/www.real.edu.ee\/ajaveeb\/arh142c\/wp-json\/wp\/v2\/posts\/341\/revisions"}],"predecessor-version":[{"id":465,"href":"https:\/\/www.real.edu.ee\/ajaveeb\/arh142c\/wp-json\/wp\/v2\/posts\/341\/revisions\/465"}],"wp:attachment":[{"href":"https:\/\/www.real.edu.ee\/ajaveeb\/arh142c\/wp-json\/wp\/v2\/media?parent=341"}],"wp:term":[{"taxonomy":"category","embeddable":true,"href":"https:\/\/www.real.edu.ee\/ajaveeb\/arh142c\/wp-json\/wp\/v2\/categories?post=341"},{"taxonomy":"post_tag","embeddable":true,"href":"https:\/\/www.real.edu.ee\/ajaveeb\/arh142c\/wp-json\/wp\/v2\/tags?post=341"}],"curies":[{"name":"wp","href":"https:\/\/api.w.org\/{rel}","templated":true}]}}