{"id":335,"date":"2022-06-10T18:25:18","date_gmt":"2022-06-10T16:25:18","guid":{"rendered":"https:\/\/www.real.edu.ee\/ajaveeb\/142c\/?p=335"},"modified":"2022-12-02T06:42:07","modified_gmt":"2022-12-02T04:42:07","slug":"parvematk-emajoel","status":"publish","type":"post","link":"https:\/\/www.real.edu.ee\/ajaveeb\/arh142c\/2022\/06\/10\/parvematk-emajoel\/","title":{"rendered":"Parvematk Emaj\u00f5el"},"content":{"rendered":"<p>\u00dchel kenal varasuvisel hommikul, nimelt 8. juunil, olid 7.c r\u00e4nnumeestel kotid pakitud, s\u00e4\u00e4set\u00f5rje kaasas ning vaimne seisund kohanenud m\u00f5ttega, et peab kolm tundi kitsas bussis veetma. Vahepalaks kostitati meid Tikupoisi poega.<\/p>\n<p>Sihtkohta j\u00f5udes tervitasid meid pererahvas ning ootasid kolm hubast kollase\u00a0\u00a0katusega parve. Mis muud kui teele asuda!<\/p>\n<p>S\u00f5idu alguses ootas meid m\u00f5nus jalutusk\u00e4ik metsatukas, kus ilutsesid parmud ning peesitasid maod. Punkti pani sellele seiklusele muidugi kosutav bor\u0161 l\u00f5unaeineks. Enesestm\u00f5istetavalt ehtisid parvematka ka paar auringi, et me ikka hiilguses saabuksime.<\/p>\n<p>Kohale j\u00f5udes tervitasid meid taas pererahvas, m\u00f5nus majutus, ebamoraalne tualettruum ning korralik Tootsi saun mille keskmine temperatuur oli umbes 40\u00b0C. \u00d5htu oli ilmselt meie k\u00f5igi lemmik, sest siis sai kala p\u00fc\u00fctud, supeldud, saunas k\u00e4idud ning muidugi ka telefoniga k\u00fcmmeldud.<\/p>\n<p>\u00d6\u00f6 oli muidugi k\u00f5ike muud kui rahulik ning kogu rahvas \u201cmagas\u201d ilmselt tol \u00f6\u00f6l oma elu k\u00f5ige halvemat und.<\/p>\n<p>Tagasi minekut kostitasid pannkoogid ning magamata n\u00e4od ja unised oiged. Meie \u00f5nneks v\u00f5i kahjuks oli tagasi reisimine s\u00fcndmustevaba ning sellega l\u00f5ppesidki 7.c r\u00e4nnumeeste seiklused Emaj\u00f5el.<\/p>\n\n\t\t<style type=\"text\/css\">\n\t\t\t#gallery-1 {\n\t\t\t\tmargin: auto;\n\t\t\t}\n\t\t\t#gallery-1 .gallery-item {\n\t\t\t\tfloat: left;\n\t\t\t\tmargin-top: 10px;\n\t\t\t\ttext-align: center;\n\t\t\t\twidth: 33%;\n\t\t\t}\n\t\t\t#gallery-1 img {\n\t\t\t\tborder: 2px solid #cfcfcf;\n\t\t\t}\n\t\t\t#gallery-1 .gallery-caption {\n\t\t\t\tmargin-left: 0;\n\t\t\t}\n\t\t\t\/* see gallery_shortcode() in wp-includes\/media.php *\/\n\t\t<\/style>\n\t\t<div id='gallery-1' class='gallery galleryid-335 gallery-columns-3 gallery-size-thumbnail'><dl class='gallery-item'>\n\t\t\t<dt class='gallery-icon portrait'>\n\t\t\t\t<a href='https:\/\/www.real.edu.ee\/ajaveeb\/arh142c\/2022\/06\/10\/parvematk-emajoel\/img_23911\/'><img loading=\"lazy\" decoding=\"async\" width=\"150\" height=\"150\" src=\"https:\/\/www.real.edu.ee\/ajaveeb\/arh142c\/files\/2022\/06\/IMG_23911-150x150.jpg\" class=\"attachment-thumbnail size-thumbnail\" alt=\"\" \/><\/a>\n\t\t\t<\/dt><\/dl><dl class='gallery-item'>\n\t\t\t<dt class='gallery-icon portrait'>\n\t\t\t\t<a href='https:\/\/www.real.edu.ee\/ajaveeb\/arh142c\/2022\/06\/10\/parvematk-emajoel\/img_80651\/'><img loading=\"lazy\" decoding=\"async\" width=\"150\" height=\"150\" src=\"https:\/\/www.real.edu.ee\/ajaveeb\/arh142c\/files\/2022\/06\/IMG_80651-150x150.jpg\" class=\"attachment-thumbnail size-thumbnail\" alt=\"\" \/><\/a>\n\t\t\t<\/dt><\/dl><dl class='gallery-item'>\n\t\t\t<dt class='gallery-icon portrait'>\n\t\t\t\t<a href='https:\/\/www.real.edu.ee\/ajaveeb\/arh142c\/2022\/06\/10\/parvematk-emajoel\/img_23851001\/'><img loading=\"lazy\" decoding=\"async\" width=\"150\" height=\"150\" src=\"https:\/\/www.real.edu.ee\/ajaveeb\/arh142c\/files\/2022\/06\/IMG_23851001-150x150.jpg\" class=\"attachment-thumbnail size-thumbnail\" alt=\"\" \/><\/a>\n\t\t\t<\/dt><\/dl><br style=\"clear: both\" \/>\n\t\t<\/div>\n\n<p>Kirjutas Elisabeth<\/p>\n","protected":false},"excerpt":{"rendered":"<p>\u00dchel kenal varasuvisel hommikul, nimelt 8. juunil, olid 7.c r\u00e4nnumeestel kotid pakitud, s\u00e4\u00e4set\u00f5rje kaasas ning vaimne seisund kohanenud m\u00f5ttega, et peab kolm tundi kitsas bussis veetma. Vahepalaks kostitati meid Tikupoisi poega. Sihtkohta j\u00f5udes tervitasid meid pererahvas ning ootasid kolm hubast kollase\u00a0\u00a0katusega parve. Mis muud kui teele asuda! S\u00f5idu alguses ootas meid m\u00f5nus jalutusk\u00e4ik metsatukas, kus [&hellip;]<\/p>\n","protected":false},"author":187,"featured_media":0,"comment_status":"closed","ping_status":"open","sticky":false,"template":"","format":"standard","meta":{"footnotes":""},"categories":[1],"tags":[],"class_list":["post-335","post","type-post","status-publish","format-standard","hentry","category-uncategorized"],"_links":{"self":[{"href":"https:\/\/www.real.edu.ee\/ajaveeb\/arh142c\/wp-json\/wp\/v2\/posts\/335","targetHints":{"allow":["GET"]}}],"collection":[{"href":"https:\/\/www.real.edu.ee\/ajaveeb\/arh142c\/wp-json\/wp\/v2\/posts"}],"about":[{"href":"https:\/\/www.real.edu.ee\/ajaveeb\/arh142c\/wp-json\/wp\/v2\/types\/post"}],"author":[{"embeddable":true,"href":"https:\/\/www.real.edu.ee\/ajaveeb\/arh142c\/wp-json\/wp\/v2\/users\/187"}],"replies":[{"embeddable":true,"href":"https:\/\/www.real.edu.ee\/ajaveeb\/arh142c\/wp-json\/wp\/v2\/comments?post=335"}],"version-history":[{"count":4,"href":"https:\/\/www.real.edu.ee\/ajaveeb\/arh142c\/wp-json\/wp\/v2\/posts\/335\/revisions"}],"predecessor-version":[{"id":376,"href":"https:\/\/www.real.edu.ee\/ajaveeb\/arh142c\/wp-json\/wp\/v2\/posts\/335\/revisions\/376"}],"wp:attachment":[{"href":"https:\/\/www.real.edu.ee\/ajaveeb\/arh142c\/wp-json\/wp\/v2\/media?parent=335"}],"wp:term":[{"taxonomy":"category","embeddable":true,"href":"https:\/\/www.real.edu.ee\/ajaveeb\/arh142c\/wp-json\/wp\/v2\/categories?post=335"},{"taxonomy":"post_tag","embeddable":true,"href":"https:\/\/www.real.edu.ee\/ajaveeb\/arh142c\/wp-json\/wp\/v2\/tags?post=335"}],"curies":[{"name":"wp","href":"https:\/\/api.w.org\/{rel}","templated":true}]}}