{"id":31,"date":"2021-09-27T20:19:50","date_gmt":"2021-09-27T18:19:50","guid":{"rendered":"https:\/\/www.real.edu.ee\/ajaveeb\/142c\/?p=31"},"modified":"2022-05-30T17:11:27","modified_gmt":"2022-05-30T15:11:27","slug":"meremuuseumis-teadlaste-oo-festivalil","status":"publish","type":"post","link":"https:\/\/www.real.edu.ee\/ajaveeb\/arh142c\/2021\/09\/27\/meremuuseumis-teadlaste-oo-festivalil\/","title":{"rendered":"Meremuuseumis Teadlaste \u00f6\u00f6 festivalil"},"content":{"rendered":"<p>Neljap\u00e4eva, 23.09\u00a0 hommikupoolikul k\u00fclastasime Teadlaste \u00d6\u00f6 festivali raames Paksus Margareetas meretoidu programmi. Eesti Meremuuseumi teadur Feliks Gornischeff r\u00e4\u00e4kis Eestist p\u00e4rit baltisaksa meres\u00f5itjatest ja toidust merereisidel. Saime teada, et toit oli v\u00e4ga \u00fchek\u00fclgne, seda kulus palju ja merereisidel p\u00f6\u00f6rasid eesrindlikumad kaptenid meeskonna toidule tervisele palju t\u00e4helepanu. \u00dcheks selliseks heaks ekspeditsioonijuhiks oli I vene \u00fcmbermaailma reisi juht admiral Adam Johann von Krusenstern. M\u00e4ngisime ka kaasahaaravat rollim\u00e4ngu, mille k\u00e4igus j\u00f5udsime r\u00f5\u00f5msalt ja hea tervise juures Tallinnast L\u00fcbeckisse.\u00a0 P\u00e4rast m\u00e4ngu saime k\u00f5ik vaadata muuseumis ringi ning ma usun, et k\u00f5igil oli tore.<\/p>\n<p><span style=\"background-color: #ffffff\">Kirjutas Tau Sebastian<\/span><\/p>\n<p><img loading=\"lazy\" decoding=\"async\" class=\"aligncenter wp-image-32 size-large\" src=\"http:\/\/www.real.edu.ee\/ajaveeb\/142c\/files\/2021\/09\/PM_3-\u2013-koopia-1024x576.jpg\" alt=\"\" width=\"1024\" height=\"576\" srcset=\"https:\/\/www.real.edu.ee\/ajaveeb\/arh142c\/files\/2021\/09\/PM_3-\u2013-koopia-1024x576.jpg 1024w, https:\/\/www.real.edu.ee\/ajaveeb\/arh142c\/files\/2021\/09\/PM_3-\u2013-koopia-300x169.jpg 300w, https:\/\/www.real.edu.ee\/ajaveeb\/arh142c\/files\/2021\/09\/PM_3-\u2013-koopia-768x432.jpg 768w, https:\/\/www.real.edu.ee\/ajaveeb\/arh142c\/files\/2021\/09\/PM_3-\u2013-koopia-1536x864.jpg 1536w, https:\/\/www.real.edu.ee\/ajaveeb\/arh142c\/files\/2021\/09\/PM_3-\u2013-koopia-2048x1152.jpg 2048w\" sizes=\"auto, (max-width: 1024px) 100vw, 1024px\" \/> <img loading=\"lazy\" decoding=\"async\" class=\"aligncenter wp-image-33 size-large\" src=\"http:\/\/www.real.edu.ee\/ajaveeb\/142c\/files\/2021\/09\/PM-4-\u2013-koopia-1024x576.jpg\" alt=\"\" width=\"1024\" height=\"576\" srcset=\"https:\/\/www.real.edu.ee\/ajaveeb\/arh142c\/files\/2021\/09\/PM-4-\u2013-koopia-1024x576.jpg 1024w, https:\/\/www.real.edu.ee\/ajaveeb\/arh142c\/files\/2021\/09\/PM-4-\u2013-koopia-300x169.jpg 300w, https:\/\/www.real.edu.ee\/ajaveeb\/arh142c\/files\/2021\/09\/PM-4-\u2013-koopia-768x432.jpg 768w, https:\/\/www.real.edu.ee\/ajaveeb\/arh142c\/files\/2021\/09\/PM-4-\u2013-koopia-1536x864.jpg 1536w, https:\/\/www.real.edu.ee\/ajaveeb\/arh142c\/files\/2021\/09\/PM-4-\u2013-koopia-2048x1152.jpg 2048w\" sizes=\"auto, (max-width: 1024px) 100vw, 1024px\" \/> <img loading=\"lazy\" decoding=\"async\" class=\"aligncenter wp-image-34 size-large\" src=\"http:\/\/www.real.edu.ee\/ajaveeb\/142c\/files\/2021\/09\/P_M2-\u2013-koopia-1024x576.jpg\" alt=\"\" width=\"1024\" height=\"576\" srcset=\"https:\/\/www.real.edu.ee\/ajaveeb\/arh142c\/files\/2021\/09\/P_M2-\u2013-koopia-1024x576.jpg 1024w, https:\/\/www.real.edu.ee\/ajaveeb\/arh142c\/files\/2021\/09\/P_M2-\u2013-koopia-300x169.jpg 300w, https:\/\/www.real.edu.ee\/ajaveeb\/arh142c\/files\/2021\/09\/P_M2-\u2013-koopia-768x432.jpg 768w, https:\/\/www.real.edu.ee\/ajaveeb\/arh142c\/files\/2021\/09\/P_M2-\u2013-koopia-1536x864.jpg 1536w, https:\/\/www.real.edu.ee\/ajaveeb\/arh142c\/files\/2021\/09\/P_M2-\u2013-koopia-2048x1152.jpg 2048w\" sizes=\"auto, (max-width: 1024px) 100vw, 1024px\" \/><\/p>\n<div>Pildistas \u00f5p. Piret<\/div>\n","protected":false},"excerpt":{"rendered":"<p>Neljap\u00e4eva, 23.09\u00a0 hommikupoolikul k\u00fclastasime Teadlaste \u00d6\u00f6 festivali raames Paksus Margareetas meretoidu programmi. Eesti Meremuuseumi teadur Feliks Gornischeff r\u00e4\u00e4kis Eestist p\u00e4rit baltisaksa meres\u00f5itjatest ja toidust merereisidel. Saime teada, et toit oli v\u00e4ga \u00fchek\u00fclgne, seda kulus palju ja merereisidel p\u00f6\u00f6rasid eesrindlikumad kaptenid meeskonna toidule tervisele palju t\u00e4helepanu. \u00dcheks selliseks heaks ekspeditsioonijuhiks oli I vene \u00fcmbermaailma reisi juht [&hellip;]<\/p>\n","protected":false},"author":187,"featured_media":0,"comment_status":"closed","ping_status":"open","sticky":false,"template":"","format":"standard","meta":{"footnotes":""},"categories":[1],"tags":[],"class_list":["post-31","post","type-post","status-publish","format-standard","hentry","category-uncategorized"],"_links":{"self":[{"href":"https:\/\/www.real.edu.ee\/ajaveeb\/arh142c\/wp-json\/wp\/v2\/posts\/31","targetHints":{"allow":["GET"]}}],"collection":[{"href":"https:\/\/www.real.edu.ee\/ajaveeb\/arh142c\/wp-json\/wp\/v2\/posts"}],"about":[{"href":"https:\/\/www.real.edu.ee\/ajaveeb\/arh142c\/wp-json\/wp\/v2\/types\/post"}],"author":[{"embeddable":true,"href":"https:\/\/www.real.edu.ee\/ajaveeb\/arh142c\/wp-json\/wp\/v2\/users\/187"}],"replies":[{"embeddable":true,"href":"https:\/\/www.real.edu.ee\/ajaveeb\/arh142c\/wp-json\/wp\/v2\/comments?post=31"}],"version-history":[{"count":7,"href":"https:\/\/www.real.edu.ee\/ajaveeb\/arh142c\/wp-json\/wp\/v2\/posts\/31\/revisions"}],"predecessor-version":[{"id":287,"href":"https:\/\/www.real.edu.ee\/ajaveeb\/arh142c\/wp-json\/wp\/v2\/posts\/31\/revisions\/287"}],"wp:attachment":[{"href":"https:\/\/www.real.edu.ee\/ajaveeb\/arh142c\/wp-json\/wp\/v2\/media?parent=31"}],"wp:term":[{"taxonomy":"category","embeddable":true,"href":"https:\/\/www.real.edu.ee\/ajaveeb\/arh142c\/wp-json\/wp\/v2\/categories?post=31"},{"taxonomy":"post_tag","embeddable":true,"href":"https:\/\/www.real.edu.ee\/ajaveeb\/arh142c\/wp-json\/wp\/v2\/tags?post=31"}],"curies":[{"name":"wp","href":"https:\/\/api.w.org\/{rel}","templated":true}]}}