{"id":309,"date":"2022-04-28T12:19:34","date_gmt":"2022-04-28T10:19:34","guid":{"rendered":"https:\/\/www.real.edu.ee\/ajaveeb\/142c\/?p=309"},"modified":"2022-06-02T13:03:16","modified_gmt":"2022-06-02T11:03:16","slug":"ukraina-paev","status":"publish","type":"post","link":"https:\/\/www.real.edu.ee\/ajaveeb\/arh142c\/2022\/04\/28\/ukraina-paev\/","title":{"rendered":"Ukraina p\u00e4ev"},"content":{"rendered":"<p>Esmasp\u00e4eval 18. Aprillil t\u00e4histasime koolis Ukraina p\u00e4eva. Ukraina p\u00e4evast \u00fcks osa oli Lego v\u00f5istlus mille teemaks oli \u201cUkraina\u201d. V\u00f5istlusel osalesid paljud klassid ning nende hulgas ka meie klass. Meie klassi tiim sel v\u00f5istlusel koosnes kolmest poisist: Arle, Joosep ja Tau. V\u00f5istlus kestis umbes 45 minutit ning seej\u00e4rel sai ka teiste t\u00f6id vaadata. Kuigi ajast oleks meil peaaegu puudu j\u00e4\u00e4nud j\u00f5udsid k\u00f5ik tiimid oma ehitise l\u00f5petada.\u00a0 L\u00f5petuseks v\u00f5iksin \u00f6elda, et tegu oli toreda s\u00fcndmusega Ukraina toetamiseks.<\/p>\n<p>Kirjutas Tau<\/p>\n<p><img loading=\"lazy\" decoding=\"async\" class=\"alignnone size-medium wp-image-310\" src=\"http:\/\/www.real.edu.ee\/ajaveeb\/142c\/files\/2022\/05\/image_50408705-300x225.jpg\" alt=\"\" width=\"300\" height=\"225\" srcset=\"https:\/\/www.real.edu.ee\/ajaveeb\/arh142c\/files\/2022\/05\/image_50408705-300x225.jpg 300w, https:\/\/www.real.edu.ee\/ajaveeb\/arh142c\/files\/2022\/05\/image_50408705-1024x768.jpg 1024w, https:\/\/www.real.edu.ee\/ajaveeb\/arh142c\/files\/2022\/05\/image_50408705-768x576.jpg 768w, https:\/\/www.real.edu.ee\/ajaveeb\/arh142c\/files\/2022\/05\/image_50408705-1536x1152.jpg 1536w, https:\/\/www.real.edu.ee\/ajaveeb\/arh142c\/files\/2022\/05\/image_50408705-2048x1536.jpg 2048w\" sizes=\"auto, (max-width: 300px) 100vw, 300px\" \/><\/p>\n<p>Pildi tegi Tau<\/p>\n","protected":false},"excerpt":{"rendered":"<p>Esmasp\u00e4eval 18. Aprillil t\u00e4histasime koolis Ukraina p\u00e4eva. Ukraina p\u00e4evast \u00fcks osa oli Lego v\u00f5istlus mille teemaks oli \u201cUkraina\u201d. V\u00f5istlusel osalesid paljud klassid ning nende hulgas ka meie klass. Meie klassi tiim sel v\u00f5istlusel koosnes kolmest poisist: Arle, Joosep ja Tau. V\u00f5istlus kestis umbes 45 minutit ning seej\u00e4rel sai ka teiste t\u00f6id vaadata. Kuigi ajast oleks [&hellip;]<\/p>\n","protected":false},"author":187,"featured_media":0,"comment_status":"closed","ping_status":"open","sticky":false,"template":"","format":"standard","meta":{"footnotes":""},"categories":[1],"tags":[],"class_list":["post-309","post","type-post","status-publish","format-standard","hentry","category-uncategorized"],"_links":{"self":[{"href":"https:\/\/www.real.edu.ee\/ajaveeb\/arh142c\/wp-json\/wp\/v2\/posts\/309","targetHints":{"allow":["GET"]}}],"collection":[{"href":"https:\/\/www.real.edu.ee\/ajaveeb\/arh142c\/wp-json\/wp\/v2\/posts"}],"about":[{"href":"https:\/\/www.real.edu.ee\/ajaveeb\/arh142c\/wp-json\/wp\/v2\/types\/post"}],"author":[{"embeddable":true,"href":"https:\/\/www.real.edu.ee\/ajaveeb\/arh142c\/wp-json\/wp\/v2\/users\/187"}],"replies":[{"embeddable":true,"href":"https:\/\/www.real.edu.ee\/ajaveeb\/arh142c\/wp-json\/wp\/v2\/comments?post=309"}],"version-history":[{"count":1,"href":"https:\/\/www.real.edu.ee\/ajaveeb\/arh142c\/wp-json\/wp\/v2\/posts\/309\/revisions"}],"predecessor-version":[{"id":311,"href":"https:\/\/www.real.edu.ee\/ajaveeb\/arh142c\/wp-json\/wp\/v2\/posts\/309\/revisions\/311"}],"wp:attachment":[{"href":"https:\/\/www.real.edu.ee\/ajaveeb\/arh142c\/wp-json\/wp\/v2\/media?parent=309"}],"wp:term":[{"taxonomy":"category","embeddable":true,"href":"https:\/\/www.real.edu.ee\/ajaveeb\/arh142c\/wp-json\/wp\/v2\/categories?post=309"},{"taxonomy":"post_tag","embeddable":true,"href":"https:\/\/www.real.edu.ee\/ajaveeb\/arh142c\/wp-json\/wp\/v2\/tags?post=309"}],"curies":[{"name":"wp","href":"https:\/\/api.w.org\/{rel}","templated":true}]}}