{"id":225,"date":"2022-05-15T21:10:10","date_gmt":"2022-05-15T19:10:10","guid":{"rendered":"https:\/\/www.real.edu.ee\/ajaveeb\/142c\/?p=225"},"modified":"2022-06-02T13:04:04","modified_gmt":"2022-06-02T11:04:04","slug":"kulaskaik-palamuse-kihelkonnakooli-ehk-kkevade-jalgedes","status":"publish","type":"post","link":"https:\/\/www.real.edu.ee\/ajaveeb\/arh142c\/2022\/05\/15\/kulaskaik-palamuse-kihelkonnakooli-ehk-kkevade-jalgedes\/","title":{"rendered":"K\u00fclask\u00e4ik Palamuse kihelkonnakooli ehk k(K)evade j\u00e4lgedes"},"content":{"rendered":"<p>12. mail s\u00f5itsime l\u00e4bi vihma kevadele vastu.<\/p>\n<p>Kirjutasime \u00fcheskoos pildikesi koolielust Palamusel. <a href=\"https:\/\/padlet.com\/piret_karu\/palamuse\" target=\"_blank\" rel=\"noopener\"><span style=\"color: #0000ff\"><strong>Siin need ongi!<\/strong><\/span><\/a><\/p>\n<p>Ait\u00e4h \u00f5petaja Mirja Bluumile kinnistava viktoriini ja auhindede eest!<\/p>\n<div id=\"attachment_226\" style=\"width: 310px\" class=\"wp-caption aligncenter\"><img loading=\"lazy\" decoding=\"async\" aria-describedby=\"caption-attachment-226\" class=\"wp-image-226 size-medium\" src=\"http:\/\/www.real.edu.ee\/ajaveeb\/142c\/files\/2022\/05\/20220512_113520-300x169.jpg\" alt=\"\" width=\"300\" height=\"169\" srcset=\"https:\/\/www.real.edu.ee\/ajaveeb\/arh142c\/files\/2022\/05\/20220512_113520-300x169.jpg 300w, https:\/\/www.real.edu.ee\/ajaveeb\/arh142c\/files\/2022\/05\/20220512_113520-1024x576.jpg 1024w, https:\/\/www.real.edu.ee\/ajaveeb\/arh142c\/files\/2022\/05\/20220512_113520-768x432.jpg 768w, https:\/\/www.real.edu.ee\/ajaveeb\/arh142c\/files\/2022\/05\/20220512_113520-1536x864.jpg 1536w, https:\/\/www.real.edu.ee\/ajaveeb\/arh142c\/files\/2022\/05\/20220512_113520-2048x1152.jpg 2048w\" sizes=\"auto, (max-width: 300px) 100vw, 300px\" \/><p id=\"caption-attachment-226\" class=\"wp-caption-text\">2. talve koolitunnis meie oma Tootsiga. Foto \u00f5p. P.Karu<\/p><\/div>\n","protected":false},"excerpt":{"rendered":"<p>12. mail s\u00f5itsime l\u00e4bi vihma kevadele vastu. Kirjutasime \u00fcheskoos pildikesi koolielust Palamusel. Siin need ongi! Ait\u00e4h \u00f5petaja Mirja Bluumile kinnistava viktoriini ja auhindede eest!<\/p>\n","protected":false},"author":187,"featured_media":0,"comment_status":"closed","ping_status":"open","sticky":false,"template":"","format":"standard","meta":{"footnotes":""},"categories":[1],"tags":[],"class_list":["post-225","post","type-post","status-publish","format-standard","hentry","category-uncategorized"],"_links":{"self":[{"href":"https:\/\/www.real.edu.ee\/ajaveeb\/arh142c\/wp-json\/wp\/v2\/posts\/225","targetHints":{"allow":["GET"]}}],"collection":[{"href":"https:\/\/www.real.edu.ee\/ajaveeb\/arh142c\/wp-json\/wp\/v2\/posts"}],"about":[{"href":"https:\/\/www.real.edu.ee\/ajaveeb\/arh142c\/wp-json\/wp\/v2\/types\/post"}],"author":[{"embeddable":true,"href":"https:\/\/www.real.edu.ee\/ajaveeb\/arh142c\/wp-json\/wp\/v2\/users\/187"}],"replies":[{"embeddable":true,"href":"https:\/\/www.real.edu.ee\/ajaveeb\/arh142c\/wp-json\/wp\/v2\/comments?post=225"}],"version-history":[{"count":9,"href":"https:\/\/www.real.edu.ee\/ajaveeb\/arh142c\/wp-json\/wp\/v2\/posts\/225\/revisions"}],"predecessor-version":[{"id":322,"href":"https:\/\/www.real.edu.ee\/ajaveeb\/arh142c\/wp-json\/wp\/v2\/posts\/225\/revisions\/322"}],"wp:attachment":[{"href":"https:\/\/www.real.edu.ee\/ajaveeb\/arh142c\/wp-json\/wp\/v2\/media?parent=225"}],"wp:term":[{"taxonomy":"category","embeddable":true,"href":"https:\/\/www.real.edu.ee\/ajaveeb\/arh142c\/wp-json\/wp\/v2\/categories?post=225"},{"taxonomy":"post_tag","embeddable":true,"href":"https:\/\/www.real.edu.ee\/ajaveeb\/arh142c\/wp-json\/wp\/v2\/tags?post=225"}],"curies":[{"name":"wp","href":"https:\/\/api.w.org\/{rel}","templated":true}]}}