{"id":200,"date":"2022-04-25T20:48:55","date_gmt":"2022-04-25T18:48:55","guid":{"rendered":"https:\/\/www.real.edu.ee\/ajaveeb\/142c\/?p=200"},"modified":"2022-05-30T16:57:27","modified_gmt":"2022-05-30T14:57:27","slug":"meie-klassi-minifirma-ubin","status":"publish","type":"post","link":"https:\/\/www.real.edu.ee\/ajaveeb\/arh142c\/2022\/04\/25\/meie-klassi-minifirma-ubin\/","title":{"rendered":"Meie klassi minifirma UBIN"},"content":{"rendered":"<div class=\"news-content\">\n<p>Meie klasssi t\u00fcdrukud Amanada, Kaisa ja Laura Lumi alustasid sel aastal minifirma loomisega. N\u00fc\u00fcd on nad j\u00f5udnud nii kaugele, et osalevad laatdel ja v\u00f5istlustel. UBIN valmistab\u00a0<span style=\"background-color: #ffffff\">maha visatud klaasikildudest ehteid.<\/span><span style=\"background-color: #ffffff\">20. aprillil toimus Tallinna karj\u00e4\u00e4rikeskuses Eesti parim minifirma 2022 v\u00f5istlus. <\/span><span style=\"background-color: #ffffff\">Igal firmal tuli v\u00f5istluses osalemiseks esitada minifirma kirjalik aruanne ja kulude-tulude \u00fclevaade, esineda publikule ja \u017e\u00fcriile ning osaleda stendivoorus ehk laadal, mille k\u00e4igus tuli oma tooteid ja teenuseid tavak\u00fclastajale m\u00fc\u00fca.<\/span><\/p>\n<p><span style=\"background-color: #ffffff\">Minifirma UBIN t\u00f5i koju B<\/span>\u00fcroomaailma m\u00fc\u00fcgipreemia auhinna.\u00a0 Olite v\u00e4ga tublid! Ait\u00e4h juhendamise ja toetamise eest \u00f5petaja Egle Pihlapile.<\/p>\n<p><img loading=\"lazy\" decoding=\"async\" class=\"aligncenter wp-image-201 size-full\" src=\"http:\/\/www.real.edu.ee\/ajaveeb\/142c\/files\/2022\/05\/minifira.jpg\" alt=\"\" width=\"840\" height=\"438\" srcset=\"https:\/\/www.real.edu.ee\/ajaveeb\/arh142c\/files\/2022\/05\/minifira.jpg 840w, https:\/\/www.real.edu.ee\/ajaveeb\/arh142c\/files\/2022\/05\/minifira-300x156.jpg 300w, https:\/\/www.real.edu.ee\/ajaveeb\/arh142c\/files\/2022\/05\/minifira-768x400.jpg 768w\" sizes=\"auto, (max-width: 840px) 100vw, 840px\" \/><\/p>\n<p>Kirjutas \u00f5p. Piret Karu, foto kooli FB<\/p>\n<\/div>\n","protected":false},"excerpt":{"rendered":"<p>Meie klasssi t\u00fcdrukud Amanada, Kaisa ja Laura Lumi alustasid sel aastal minifirma loomisega. N\u00fc\u00fcd on nad j\u00f5udnud nii kaugele, et osalevad laatdel ja v\u00f5istlustel. UBIN valmistab\u00a0maha visatud klaasikildudest ehteid.20. aprillil toimus Tallinna karj\u00e4\u00e4rikeskuses Eesti parim minifirma 2022 v\u00f5istlus. Igal firmal tuli v\u00f5istluses osalemiseks esitada minifirma kirjalik aruanne ja kulude-tulude \u00fclevaade, esineda publikule ja \u017e\u00fcriile ning [&hellip;]<\/p>\n","protected":false},"author":187,"featured_media":0,"comment_status":"closed","ping_status":"open","sticky":false,"template":"","format":"standard","meta":{"footnotes":""},"categories":[1],"tags":[],"class_list":["post-200","post","type-post","status-publish","format-standard","hentry","category-uncategorized"],"_links":{"self":[{"href":"https:\/\/www.real.edu.ee\/ajaveeb\/arh142c\/wp-json\/wp\/v2\/posts\/200","targetHints":{"allow":["GET"]}}],"collection":[{"href":"https:\/\/www.real.edu.ee\/ajaveeb\/arh142c\/wp-json\/wp\/v2\/posts"}],"about":[{"href":"https:\/\/www.real.edu.ee\/ajaveeb\/arh142c\/wp-json\/wp\/v2\/types\/post"}],"author":[{"embeddable":true,"href":"https:\/\/www.real.edu.ee\/ajaveeb\/arh142c\/wp-json\/wp\/v2\/users\/187"}],"replies":[{"embeddable":true,"href":"https:\/\/www.real.edu.ee\/ajaveeb\/arh142c\/wp-json\/wp\/v2\/comments?post=200"}],"version-history":[{"count":4,"href":"https:\/\/www.real.edu.ee\/ajaveeb\/arh142c\/wp-json\/wp\/v2\/posts\/200\/revisions"}],"predecessor-version":[{"id":275,"href":"https:\/\/www.real.edu.ee\/ajaveeb\/arh142c\/wp-json\/wp\/v2\/posts\/200\/revisions\/275"}],"wp:attachment":[{"href":"https:\/\/www.real.edu.ee\/ajaveeb\/arh142c\/wp-json\/wp\/v2\/media?parent=200"}],"wp:term":[{"taxonomy":"category","embeddable":true,"href":"https:\/\/www.real.edu.ee\/ajaveeb\/arh142c\/wp-json\/wp\/v2\/categories?post=200"},{"taxonomy":"post_tag","embeddable":true,"href":"https:\/\/www.real.edu.ee\/ajaveeb\/arh142c\/wp-json\/wp\/v2\/tags?post=200"}],"curies":[{"name":"wp","href":"https:\/\/api.w.org\/{rel}","templated":true}]}}