{"id":172,"date":"2022-03-22T20:41:09","date_gmt":"2022-03-22T18:41:09","guid":{"rendered":"https:\/\/www.real.edu.ee\/ajaveeb\/142c\/?p=172"},"modified":"2022-05-30T16:57:50","modified_gmt":"2022-05-30T14:57:50","slug":"apelsinitudruk","status":"publish","type":"post","link":"https:\/\/www.real.edu.ee\/ajaveeb\/arh142c\/2022\/03\/22\/apelsinitudruk\/","title":{"rendered":"Apelsinit\u00fcdruk"},"content":{"rendered":"<p>Me k\u00e4isime klassiga neljap\u00e4eval, 9. m\u00e4rtsil, Eesti Noorsooteatris, vaatams etendust &#8220;Apelsinit\u00fcdruk&#8221;. N\u00e4idend oli perekonna suhetest, aususest, usaldusest, leinast ning armastusest. See r\u00e4\u00e4kis \u00fchest viieteist aastasest poisist, kes leidis\u00a0 kirja,\u00a0\u00a0oma ammu surnud isalt.<\/p>\n<div>N\u00e4idendis m\u00e4ngis viis n\u00e4itlejat:\u00a0Kaisa Selde, Liina Vahtrik (k\u00fclalisena),\u00a0Mart M\u00fc\u00fcrisepp,\u00a0Mihkel Tikerpalu\u00a0v\u00f5i\u00a0Andres Roosileht,\u00a0Taavi T\u00f5nisson. N\u00e4itlejad ei lahkunud kordagi lavalt, selle asemel n\u00e4idati valgust ainult n\u00e4itlevale n\u00e4itlejale ning teised j\u00e4id h\u00e4maruses tahaplaanile.<\/div>\n<div>Etendus r\u00e4\u00e4kis ka sellest, et me ei tohiks asju varjata, ka siis kui nendest r\u00e4\u00e4kimine meile valus on, sest l\u00e4hedased inimesed m\u00f5istavad, kui sa neile valetad ja see teeb neile haiget ning v\u00e4hendab usaldust.<\/div>\n<div>See etendus oli huvitav ning naljaks, aga r\u00e4\u00e4kis v\u00e4ga t\u00f5sistest teemadest, millest peaks k\u00fcll r\u00e4\u00e4kima, kuid mida \u00fcritatakse v\u00e4ltida.<\/div>\n<div><img loading=\"lazy\" decoding=\"async\" class=\"alignnone wp-image-249 size-full\" src=\"http:\/\/www.real.edu.ee\/ajaveeb\/142c\/files\/2022\/03\/apelsinitudruk.jpg\" alt=\"\" width=\"464\" height=\"696\" srcset=\"https:\/\/www.real.edu.ee\/ajaveeb\/arh142c\/files\/2022\/03\/apelsinitudruk.jpg 464w, https:\/\/www.real.edu.ee\/ajaveeb\/arh142c\/files\/2022\/03\/apelsinitudruk-200x300.jpg 200w\" sizes=\"auto, (max-width: 464px) 100vw, 464px\" \/><\/div>\n<div>Kirjutas Amanda<\/div>\n","protected":false},"excerpt":{"rendered":"<p>Me k\u00e4isime klassiga neljap\u00e4eval, 9. m\u00e4rtsil, Eesti Noorsooteatris, vaatams etendust &#8220;Apelsinit\u00fcdruk&#8221;. N\u00e4idend oli perekonna suhetest, aususest, usaldusest, leinast ning armastusest. See r\u00e4\u00e4kis \u00fchest viieteist aastasest poisist, kes leidis\u00a0 kirja,\u00a0\u00a0oma ammu surnud isalt. N\u00e4idendis m\u00e4ngis viis n\u00e4itlejat:\u00a0Kaisa Selde, Liina Vahtrik (k\u00fclalisena),\u00a0Mart M\u00fc\u00fcrisepp,\u00a0Mihkel Tikerpalu\u00a0v\u00f5i\u00a0Andres Roosileht,\u00a0Taavi T\u00f5nisson. N\u00e4itlejad ei lahkunud kordagi lavalt, selle asemel n\u00e4idati valgust ainult n\u00e4itlevale [&hellip;]<\/p>\n","protected":false},"author":187,"featured_media":0,"comment_status":"closed","ping_status":"open","sticky":false,"template":"","format":"standard","meta":{"footnotes":""},"categories":[1],"tags":[],"class_list":["post-172","post","type-post","status-publish","format-standard","hentry","category-uncategorized"],"_links":{"self":[{"href":"https:\/\/www.real.edu.ee\/ajaveeb\/arh142c\/wp-json\/wp\/v2\/posts\/172","targetHints":{"allow":["GET"]}}],"collection":[{"href":"https:\/\/www.real.edu.ee\/ajaveeb\/arh142c\/wp-json\/wp\/v2\/posts"}],"about":[{"href":"https:\/\/www.real.edu.ee\/ajaveeb\/arh142c\/wp-json\/wp\/v2\/types\/post"}],"author":[{"embeddable":true,"href":"https:\/\/www.real.edu.ee\/ajaveeb\/arh142c\/wp-json\/wp\/v2\/users\/187"}],"replies":[{"embeddable":true,"href":"https:\/\/www.real.edu.ee\/ajaveeb\/arh142c\/wp-json\/wp\/v2\/comments?post=172"}],"version-history":[{"count":3,"href":"https:\/\/www.real.edu.ee\/ajaveeb\/arh142c\/wp-json\/wp\/v2\/posts\/172\/revisions"}],"predecessor-version":[{"id":276,"href":"https:\/\/www.real.edu.ee\/ajaveeb\/arh142c\/wp-json\/wp\/v2\/posts\/172\/revisions\/276"}],"wp:attachment":[{"href":"https:\/\/www.real.edu.ee\/ajaveeb\/arh142c\/wp-json\/wp\/v2\/media?parent=172"}],"wp:term":[{"taxonomy":"category","embeddable":true,"href":"https:\/\/www.real.edu.ee\/ajaveeb\/arh142c\/wp-json\/wp\/v2\/categories?post=172"},{"taxonomy":"post_tag","embeddable":true,"href":"https:\/\/www.real.edu.ee\/ajaveeb\/arh142c\/wp-json\/wp\/v2\/tags?post=172"}],"curies":[{"name":"wp","href":"https:\/\/api.w.org\/{rel}","templated":true}]}}