{"id":170,"date":"2022-03-22T12:29:33","date_gmt":"2022-03-22T10:29:33","guid":{"rendered":"https:\/\/www.real.edu.ee\/ajaveeb\/142c\/?p=170"},"modified":"2022-05-30T16:54:07","modified_gmt":"2022-05-30T14:54:07","slug":"arhitektuurimuuseum","status":"publish","type":"post","link":"https:\/\/www.real.edu.ee\/ajaveeb\/arh142c\/2022\/03\/22\/arhitektuurimuuseum\/","title":{"rendered":"Arhitektuurimuuseum"},"content":{"rendered":"<p>K\u00fclastasime klassiga reedel, 18. m\u00e4rtsil, Eesti arhitektuurmuuseumi ja v\u00f5tsime osa programmist \u201cUuri ruumi!\u201d. Programmi eesm\u00e4rk oli n\u00e4idata, kuidas meie meeled m\u00f5jutavad ruumi tajumust. Suundusime keldrikorrusele ning seal saime l\u00fchikese tutvustuse, mis on arhitektuur.<\/p>\n<p>P\u00e4rast jagunesime mitmesse r\u00fchma, iga r\u00fchm sai \u00fche instalatsiooni, mis n\u00e4itas, kuiv\u00f5rd me s\u00f5ltume oma meeletest. Iga r\u00fchm valmistas 5-minutise instalatsiooni kirjelduse, mis koosnes teooriast ja praktikast. Teooria osas seletas grupp instalatsioonis esineva n\u00e4htuse, praktikas sai klass uurida instalatsiooni l\u00e4hemalt ja proovida seda l\u00e4bi. Programm oli v\u00e4ga interaktiivne: saime katsuda, n\u00e4ha ja haista erinevaid asju, mis on m\u00f5nes m\u00f5ttes arhitektuuriga seotud. Programm kestis umbes 1,5 h, p\u00e4rast l\u00e4ksime kooli eesti keele tundi.<\/p>\n<p>Oli v\u00e4ga huvitav ning saime palju uut teada.<\/p>\n<div dir=\"auto\"><img loading=\"lazy\" decoding=\"async\" class=\"aligncenter wp-image-261 size-large\" src=\"http:\/\/www.real.edu.ee\/ajaveeb\/142c\/files\/2022\/03\/275519835_250905397161325_2393826785709736750_n-768x1024.jpg\" alt=\"\" width=\"768\" height=\"1024\" srcset=\"https:\/\/www.real.edu.ee\/ajaveeb\/arh142c\/files\/2022\/03\/275519835_250905397161325_2393826785709736750_n-768x1024.jpg 768w, https:\/\/www.real.edu.ee\/ajaveeb\/arh142c\/files\/2022\/03\/275519835_250905397161325_2393826785709736750_n-225x300.jpg 225w, https:\/\/www.real.edu.ee\/ajaveeb\/arh142c\/files\/2022\/03\/275519835_250905397161325_2393826785709736750_n-1152x1536.jpg 1152w, https:\/\/www.real.edu.ee\/ajaveeb\/arh142c\/files\/2022\/03\/275519835_250905397161325_2393826785709736750_n.jpg 1536w\" sizes=\"auto, (max-width: 768px) 100vw, 768px\" \/><img loading=\"lazy\" decoding=\"async\" class=\"aligncenter wp-image-262 size-large\" src=\"http:\/\/www.real.edu.ee\/ajaveeb\/142c\/files\/2022\/03\/275797950_1100706970779950_1216502030454608240_n-768x1024.jpg\" alt=\"\" width=\"768\" height=\"1024\" srcset=\"https:\/\/www.real.edu.ee\/ajaveeb\/arh142c\/files\/2022\/03\/275797950_1100706970779950_1216502030454608240_n-768x1024.jpg 768w, https:\/\/www.real.edu.ee\/ajaveeb\/arh142c\/files\/2022\/03\/275797950_1100706970779950_1216502030454608240_n-225x300.jpg 225w, https:\/\/www.real.edu.ee\/ajaveeb\/arh142c\/files\/2022\/03\/275797950_1100706970779950_1216502030454608240_n-1152x1536.jpg 1152w, https:\/\/www.real.edu.ee\/ajaveeb\/arh142c\/files\/2022\/03\/275797950_1100706970779950_1216502030454608240_n.jpg 1536w\" sizes=\"auto, (max-width: 768px) 100vw, 768px\" \/><\/div>\n<div dir=\"auto\">Kirjutas Marina<\/div>\n","protected":false},"excerpt":{"rendered":"<p>K\u00fclastasime klassiga reedel, 18. m\u00e4rtsil, Eesti arhitektuurmuuseumi ja v\u00f5tsime osa programmist \u201cUuri ruumi!\u201d. Programmi eesm\u00e4rk oli n\u00e4idata, kuidas meie meeled m\u00f5jutavad ruumi tajumust. Suundusime keldrikorrusele ning seal saime l\u00fchikese tutvustuse, mis on arhitektuur. P\u00e4rast jagunesime mitmesse r\u00fchma, iga r\u00fchm sai \u00fche instalatsiooni, mis n\u00e4itas, kuiv\u00f5rd me s\u00f5ltume oma meeletest. Iga r\u00fchm valmistas 5-minutise instalatsiooni kirjelduse, [&hellip;]<\/p>\n","protected":false},"author":187,"featured_media":0,"comment_status":"closed","ping_status":"open","sticky":false,"template":"","format":"standard","meta":{"footnotes":""},"categories":[1],"tags":[],"class_list":["post-170","post","type-post","status-publish","format-standard","hentry","category-uncategorized"],"_links":{"self":[{"href":"https:\/\/www.real.edu.ee\/ajaveeb\/arh142c\/wp-json\/wp\/v2\/posts\/170","targetHints":{"allow":["GET"]}}],"collection":[{"href":"https:\/\/www.real.edu.ee\/ajaveeb\/arh142c\/wp-json\/wp\/v2\/posts"}],"about":[{"href":"https:\/\/www.real.edu.ee\/ajaveeb\/arh142c\/wp-json\/wp\/v2\/types\/post"}],"author":[{"embeddable":true,"href":"https:\/\/www.real.edu.ee\/ajaveeb\/arh142c\/wp-json\/wp\/v2\/users\/187"}],"replies":[{"embeddable":true,"href":"https:\/\/www.real.edu.ee\/ajaveeb\/arh142c\/wp-json\/wp\/v2\/comments?post=170"}],"version-history":[{"count":3,"href":"https:\/\/www.real.edu.ee\/ajaveeb\/arh142c\/wp-json\/wp\/v2\/posts\/170\/revisions"}],"predecessor-version":[{"id":273,"href":"https:\/\/www.real.edu.ee\/ajaveeb\/arh142c\/wp-json\/wp\/v2\/posts\/170\/revisions\/273"}],"wp:attachment":[{"href":"https:\/\/www.real.edu.ee\/ajaveeb\/arh142c\/wp-json\/wp\/v2\/media?parent=170"}],"wp:term":[{"taxonomy":"category","embeddable":true,"href":"https:\/\/www.real.edu.ee\/ajaveeb\/arh142c\/wp-json\/wp\/v2\/categories?post=170"},{"taxonomy":"post_tag","embeddable":true,"href":"https:\/\/www.real.edu.ee\/ajaveeb\/arh142c\/wp-json\/wp\/v2\/tags?post=170"}],"curies":[{"name":"wp","href":"https:\/\/api.w.org\/{rel}","templated":true}]}}