{"id":17,"date":"2021-09-27T20:05:12","date_gmt":"2021-09-27T18:05:12","guid":{"rendered":"https:\/\/www.real.edu.ee\/ajaveeb\/142c\/?p=17"},"modified":"2022-05-30T17:09:21","modified_gmt":"2022-05-30T15:09:21","slug":"ajarannak-aega-1991","status":"publish","type":"post","link":"https:\/\/www.real.edu.ee\/ajaveeb\/arh142c\/2021\/09\/27\/ajarannak-aega-1991\/","title":{"rendered":"Ajar\u00e4nnak aega 1991"},"content":{"rendered":"<p>Hoiame Eesti loodust!<\/p>\n<p>Kell 7.55 kogunesid Hirveparki Tallinna Reaalkooli 5.-8. klassi \u00f5pilased, kus neile esines Riigikogu aseesimees Hanno Pevkur. Seal r\u00e4\u00e4giti meile 30 aasta tagusest Hirvepargi miitingust.<\/p>\n<div id=\"attachment_20\" style=\"width: 310px\" class=\"wp-caption aligncenter\"><img loading=\"lazy\" decoding=\"async\" aria-describedby=\"caption-attachment-20\" class=\"size-medium wp-image-20\" src=\"http:\/\/www.real.edu.ee\/ajaveeb\/142c\/files\/2021\/09\/KV_14040_ajarannak-\u2013-koopia-300x200.jpg\" alt=\"\" width=\"300\" height=\"200\" srcset=\"https:\/\/www.real.edu.ee\/ajaveeb\/arh142c\/files\/2021\/09\/KV_14040_ajarannak-\u2013-koopia-300x200.jpg 300w, https:\/\/www.real.edu.ee\/ajaveeb\/arh142c\/files\/2021\/09\/KV_14040_ajarannak-\u2013-koopia-1024x683.jpg 1024w, https:\/\/www.real.edu.ee\/ajaveeb\/arh142c\/files\/2021\/09\/KV_14040_ajarannak-\u2013-koopia-768x512.jpg 768w, https:\/\/www.real.edu.ee\/ajaveeb\/arh142c\/files\/2021\/09\/KV_14040_ajarannak-\u2013-koopia-1536x1024.jpg 1536w, https:\/\/www.real.edu.ee\/ajaveeb\/arh142c\/files\/2021\/09\/KV_14040_ajarannak-\u2013-koopia-2048x1365.jpg 2048w\" sizes=\"auto, (max-width: 300px) 100vw, 300px\" \/><p id=\"caption-attachment-20\" class=\"wp-caption-text\">Miiting Hirvepargis<\/p><\/div>\n<p>&nbsp;<\/p>\n<p>Seej\u00e4rel suundusid \u00f5pilased tagasi koolimajja. \u00d5pilased kandsid ajastukohaseid riideid. Koolimajas toimusid ajastutruud tunnid, kus meile r\u00e4\u00e4giti t\u00e4htsatest ajaloos\u00fcndmustest (1887-1891). Puhvetis toimus arveldamine sularahas ning vajalik oli talongide olemasolu.<\/p>\n<p>Valmis n\u00e4itus, millega tutvustatakse iseseisvumise taastamise aegseid esemeid, r\u00f5ivaid, fotosid, ajalehti, m\u00e4nguasju jne. Iga tunni alguses vaadati \u00f5pilaste poolt tehtud videoid, kus toodi vaatajateni laulva revolutsiooni h\u00f5ng. Ennel\u00f5unal kell 10.10 viidi l\u00e4bi Balti kett Reaalkooli \u00fcmbruses, kus osalesid k\u00f5ik Reaalkooli \u00f5pilase ning igal klassil oli enda tehtud plakat. P\u00e4rastl\u00f5unal esinesid staadionil toimuval (\u00f6\u00f6)laulupeol Ivo Linna ja Antti Kammiste.<\/p>\n<p>Meie klassi plakati tegid Heli ja Ellen &#8220;Hoiame Eesti loodust!&#8221;<\/p>\n<div id=\"attachment_21\" style=\"width: 310px\" class=\"wp-caption aligncenter\"><img loading=\"lazy\" decoding=\"async\" aria-describedby=\"caption-attachment-21\" class=\"size-medium wp-image-21\" src=\"http:\/\/www.real.edu.ee\/ajaveeb\/142c\/files\/2021\/09\/KV_14350_ajarannak-\u2013-koopia-300x200.jpg\" alt=\"\" width=\"300\" height=\"200\" srcset=\"https:\/\/www.real.edu.ee\/ajaveeb\/arh142c\/files\/2021\/09\/KV_14350_ajarannak-\u2013-koopia-300x200.jpg 300w, https:\/\/www.real.edu.ee\/ajaveeb\/arh142c\/files\/2021\/09\/KV_14350_ajarannak-\u2013-koopia-1024x683.jpg 1024w, https:\/\/www.real.edu.ee\/ajaveeb\/arh142c\/files\/2021\/09\/KV_14350_ajarannak-\u2013-koopia-768x512.jpg 768w, https:\/\/www.real.edu.ee\/ajaveeb\/arh142c\/files\/2021\/09\/KV_14350_ajarannak-\u2013-koopia-1536x1024.jpg 1536w, https:\/\/www.real.edu.ee\/ajaveeb\/arh142c\/files\/2021\/09\/KV_14350_ajarannak-\u2013-koopia-2048x1365.jpg 2048w\" sizes=\"auto, (max-width: 300px) 100vw, 300px\" \/><p id=\"caption-attachment-21\" class=\"wp-caption-text\">Hoiame Eesti loodust! Pildid kooli galeriist.<\/p><\/div>\n<p>Kirjutas Sebastian<\/p>\n","protected":false},"excerpt":{"rendered":"<p>Hoiame Eesti loodust! Kell 7.55 kogunesid Hirveparki Tallinna Reaalkooli 5.-8. klassi \u00f5pilased, kus neile esines Riigikogu aseesimees Hanno Pevkur. Seal r\u00e4\u00e4giti meile 30 aasta tagusest Hirvepargi miitingust. &nbsp; Seej\u00e4rel suundusid \u00f5pilased tagasi koolimajja. \u00d5pilased kandsid ajastukohaseid riideid. Koolimajas toimusid ajastutruud tunnid, kus meile r\u00e4\u00e4giti t\u00e4htsatest ajaloos\u00fcndmustest (1887-1891). Puhvetis toimus arveldamine sularahas ning vajalik oli talongide [&hellip;]<\/p>\n","protected":false},"author":187,"featured_media":0,"comment_status":"closed","ping_status":"open","sticky":false,"template":"","format":"standard","meta":{"footnotes":""},"categories":[1],"tags":[],"class_list":["post-17","post","type-post","status-publish","format-standard","hentry","category-uncategorized"],"_links":{"self":[{"href":"https:\/\/www.real.edu.ee\/ajaveeb\/arh142c\/wp-json\/wp\/v2\/posts\/17","targetHints":{"allow":["GET"]}}],"collection":[{"href":"https:\/\/www.real.edu.ee\/ajaveeb\/arh142c\/wp-json\/wp\/v2\/posts"}],"about":[{"href":"https:\/\/www.real.edu.ee\/ajaveeb\/arh142c\/wp-json\/wp\/v2\/types\/post"}],"author":[{"embeddable":true,"href":"https:\/\/www.real.edu.ee\/ajaveeb\/arh142c\/wp-json\/wp\/v2\/users\/187"}],"replies":[{"embeddable":true,"href":"https:\/\/www.real.edu.ee\/ajaveeb\/arh142c\/wp-json\/wp\/v2\/comments?post=17"}],"version-history":[{"count":7,"href":"https:\/\/www.real.edu.ee\/ajaveeb\/arh142c\/wp-json\/wp\/v2\/posts\/17\/revisions"}],"predecessor-version":[{"id":285,"href":"https:\/\/www.real.edu.ee\/ajaveeb\/arh142c\/wp-json\/wp\/v2\/posts\/17\/revisions\/285"}],"wp:attachment":[{"href":"https:\/\/www.real.edu.ee\/ajaveeb\/arh142c\/wp-json\/wp\/v2\/media?parent=17"}],"wp:term":[{"taxonomy":"category","embeddable":true,"href":"https:\/\/www.real.edu.ee\/ajaveeb\/arh142c\/wp-json\/wp\/v2\/categories?post=17"},{"taxonomy":"post_tag","embeddable":true,"href":"https:\/\/www.real.edu.ee\/ajaveeb\/arh142c\/wp-json\/wp\/v2\/tags?post=17"}],"curies":[{"name":"wp","href":"https:\/\/api.w.org\/{rel}","templated":true}]}}