{"id":11,"date":"2021-09-27T19:56:29","date_gmt":"2021-09-27T17:56:29","guid":{"rendered":"https:\/\/www.real.edu.ee\/ajaveeb\/142c\/?p=11"},"modified":"2022-05-30T17:01:42","modified_gmt":"2022-05-30T15:01:42","slug":"1-sepember-2021","status":"publish","type":"post","link":"https:\/\/www.real.edu.ee\/ajaveeb\/arh142c\/2021\/09\/27\/1-sepember-2021\/","title":{"rendered":"1. september 2021"},"content":{"rendered":"<p>1.septembril sai kogu 7.c klass (v.a. meie oma armas p\u00e4rnukas Jan) kokku lausa kolmandat korda. P\u00e4eva alustasime varakult kell 9 juba tuttavas 403 klassis julgustavate ja teadvustavate \u00f5p Karu s\u00f5nadega. Kui \u00fcleval olid asjad seebivee-selgeks r\u00e4\u00e4gitud suundusime esimesele korrusele. Sealt sammusime Pudireas koos klassijuhataja, huvijuhi, direktori ja v\u00e4ga uhkelt kaunistatud m\u00fctsikastiga Poisi juurde. Pidulikult said meile s\u00f5nad peale loetud ja m\u00fctsid p\u00e4he pandud. N\u00fc\u00fcd olime t\u00e4isv\u00e4\u00e4rtuslikult Reaalkooli \u00f5pilased.\u00a0 Edasi v\u00f5isime julgelt staadionile aktusele minna. Kuulasime \u00e4ra k\u00f5ik k\u00f5ned, laulsime \u00e4ra k\u00f5ik laulud ja siis oli aeg h\u00fc\u00fcda s\u00f5nad, mis pool tundi tagasi p\u00e4he olid \u00f5pitud.<\/p>\n<p style=\"text-align: center\">Pum-t\u0161iga-pum, pum-t\u0161iga-pum!<\/p>\n<p style=\"text-align: center\">Pum-t\u0161iga-rega-t\u0161iga pum-pum-pum!<\/p>\n<p style=\"text-align: center\">Refe-ra, refe-ra,<span style=\"background-color: #ffffff\">reaal, reaal, reaal, hurraa!<\/span><\/p>\n<p>Kuidagi saime ka need v\u00e4lja veeritud ja m\u00fctsid \u00fcles leitud. Kuid nagu Reaalkoolis ikka kombeks on nii kiirelt ja lihtsalt me p\u00e4ev l\u00e4bi ei saanud. N\u00fc\u00fcd pidime kondimootori taas t\u00f6\u00f6le panema ja nautima nelja korrust kivitreppe. \u00dcleval koduklassis ootas meid akadeemilise sissejuhatuse tund Daniel Kaasikuga. K\u00fcll sai seal vastuseid keeratud ja v\u00e4\u00e4natud, kuni l\u00f5puks pidime siiski alla andma ja \u00e4ra kuulama, mis tal meile r\u00e4\u00e4kida on.\u00a0\u00a0<span style=\"background-color: #f4f4f4\">Sellega l\u00f5ppes ka meie p\u00e4ev koolimajas ning k\u00f5ik l\u00e4ksid esimeseks koolip\u00e4evaks koju kotti pakkima.\u00a0<\/span><\/p>\n<p>Kirjutas Heli<\/p>\n<div dir=\"auto\">\n<div id=\"attachment_12\" style=\"width: 310px\" class=\"wp-caption aligncenter\"><img loading=\"lazy\" decoding=\"async\" aria-describedby=\"caption-attachment-12\" class=\"wp-image-12 size-medium\" src=\"http:\/\/www.real.edu.ee\/ajaveeb\/142c\/files\/2021\/09\/20210831_131504-300x169.jpg\" alt=\"\" width=\"300\" height=\"169\" srcset=\"https:\/\/www.real.edu.ee\/ajaveeb\/arh142c\/files\/2021\/09\/20210831_131504-300x169.jpg 300w, https:\/\/www.real.edu.ee\/ajaveeb\/arh142c\/files\/2021\/09\/20210831_131504-1024x576.jpg 1024w, https:\/\/www.real.edu.ee\/ajaveeb\/arh142c\/files\/2021\/09\/20210831_131504-768x432.jpg 768w, https:\/\/www.real.edu.ee\/ajaveeb\/arh142c\/files\/2021\/09\/20210831_131504-1536x864.jpg 1536w, https:\/\/www.real.edu.ee\/ajaveeb\/arh142c\/files\/2021\/09\/20210831_131504-2048x1152.jpg 2048w\" sizes=\"auto, (max-width: 300px) 100vw, 300px\" \/><p id=\"caption-attachment-12\" class=\"wp-caption-text\">Heli, Ellen, Paula ja Katleen meisterdavad m\u00fctsikasti. Pildistas \u00f5p. Piret<\/p><\/div>\n<\/div>\n<div dir=\"auto\"><\/div>\n","protected":false},"excerpt":{"rendered":"<p>1.septembril sai kogu 7.c klass (v.a. meie oma armas p\u00e4rnukas Jan) kokku lausa kolmandat korda. P\u00e4eva alustasime varakult kell 9 juba tuttavas 403 klassis julgustavate ja teadvustavate \u00f5p Karu s\u00f5nadega. Kui \u00fcleval olid asjad seebivee-selgeks r\u00e4\u00e4gitud suundusime esimesele korrusele. Sealt sammusime Pudireas koos klassijuhataja, huvijuhi, direktori ja v\u00e4ga uhkelt kaunistatud m\u00fctsikastiga Poisi juurde. Pidulikult said [&hellip;]<\/p>\n","protected":false},"author":187,"featured_media":0,"comment_status":"closed","ping_status":"open","sticky":false,"template":"","format":"standard","meta":{"footnotes":""},"categories":[1],"tags":[],"class_list":["post-11","post","type-post","status-publish","format-standard","hentry","category-uncategorized"],"_links":{"self":[{"href":"https:\/\/www.real.edu.ee\/ajaveeb\/arh142c\/wp-json\/wp\/v2\/posts\/11","targetHints":{"allow":["GET"]}}],"collection":[{"href":"https:\/\/www.real.edu.ee\/ajaveeb\/arh142c\/wp-json\/wp\/v2\/posts"}],"about":[{"href":"https:\/\/www.real.edu.ee\/ajaveeb\/arh142c\/wp-json\/wp\/v2\/types\/post"}],"author":[{"embeddable":true,"href":"https:\/\/www.real.edu.ee\/ajaveeb\/arh142c\/wp-json\/wp\/v2\/users\/187"}],"replies":[{"embeddable":true,"href":"https:\/\/www.real.edu.ee\/ajaveeb\/arh142c\/wp-json\/wp\/v2\/comments?post=11"}],"version-history":[{"count":6,"href":"https:\/\/www.real.edu.ee\/ajaveeb\/arh142c\/wp-json\/wp\/v2\/posts\/11\/revisions"}],"predecessor-version":[{"id":281,"href":"https:\/\/www.real.edu.ee\/ajaveeb\/arh142c\/wp-json\/wp\/v2\/posts\/11\/revisions\/281"}],"wp:attachment":[{"href":"https:\/\/www.real.edu.ee\/ajaveeb\/arh142c\/wp-json\/wp\/v2\/media?parent=11"}],"wp:term":[{"taxonomy":"category","embeddable":true,"href":"https:\/\/www.real.edu.ee\/ajaveeb\/arh142c\/wp-json\/wp\/v2\/categories?post=11"},{"taxonomy":"post_tag","embeddable":true,"href":"https:\/\/www.real.edu.ee\/ajaveeb\/arh142c\/wp-json\/wp\/v2\/tags?post=11"}],"curies":[{"name":"wp","href":"https:\/\/api.w.org\/{rel}","templated":true}]}}