{"id":1514,"date":"2021-10-05T20:08:19","date_gmt":"2021-10-05T17:08:19","guid":{"rendered":"https:\/\/www.real.edu.ee\/ajaveeb\/142b\/?p=1514"},"modified":"2023-11-10T14:55:22","modified_gmt":"2023-11-10T12:55:22","slug":"opetajate-paev","status":"publish","type":"post","link":"https:\/\/www.real.edu.ee\/ajaveeb\/arh142b\/2021\/10\/05\/opetajate-paev\/","title":{"rendered":"\u00d5petajate p\u00e4ev"},"content":{"rendered":"<p>T\u00e4na oli meil \u00f5petajate p\u00e4eva puhul j\u00e4llegi abituriendid tundides. T\u00fcdrukud tegid kuldvillakut meie klassi kohta kus v\u00f5itsid Marissa,Marie ja Sarah ning p\u00e4ev l\u00f5ppes ajaloo tunniga, kus Gustav tegi meile v\u00e4ikese kontserdi.<\/p>\n<p><a href=\"http:\/\/www.real.edu.ee\/ajaveeb\/142b\/files\/2021\/10\/2EA27080-2546-487A-A06B-CE6F20779B0E.jpeg\"><img loading=\"lazy\" decoding=\"async\" class=\"alignnone size-medium wp-image-1516\" src=\"http:\/\/www.real.edu.ee\/ajaveeb\/142b\/files\/2021\/10\/2EA27080-2546-487A-A06B-CE6F20779B0E-161x300.jpeg\" alt=\"\" width=\"161\" height=\"300\" srcset=\"https:\/\/www.real.edu.ee\/ajaveeb\/arh142b\/files\/2021\/10\/2EA27080-2546-487A-A06B-CE6F20779B0E-161x300.jpeg 161w, https:\/\/www.real.edu.ee\/ajaveeb\/arh142b\/files\/2021\/10\/2EA27080-2546-487A-A06B-CE6F20779B0E-551x1024.jpeg 551w, https:\/\/www.real.edu.ee\/ajaveeb\/arh142b\/files\/2021\/10\/2EA27080-2546-487A-A06B-CE6F20779B0E-768x1427.jpeg 768w, https:\/\/www.real.edu.ee\/ajaveeb\/arh142b\/files\/2021\/10\/2EA27080-2546-487A-A06B-CE6F20779B0E-826x1536.jpeg 826w, https:\/\/www.real.edu.ee\/ajaveeb\/arh142b\/files\/2021\/10\/2EA27080-2546-487A-A06B-CE6F20779B0E-1102x2048.jpeg 1102w, https:\/\/www.real.edu.ee\/ajaveeb\/arh142b\/files\/2021\/10\/2EA27080-2546-487A-A06B-CE6F20779B0E.jpeg 1188w\" sizes=\"auto, (max-width: 161px) 100vw, 161px\" \/><\/a><\/p>\n<p><a href=\"http:\/\/www.real.edu.ee\/ajaveeb\/142b\/files\/2021\/10\/E8BDE0FA-ED77-4AA2-8CEC-F1A3B3D1D61A.jpeg\"><img loading=\"lazy\" decoding=\"async\" class=\"alignnone wp-image-1515 size-medium\" src=\"http:\/\/www.real.edu.ee\/ajaveeb\/142b\/files\/2021\/10\/E8BDE0FA-ED77-4AA2-8CEC-F1A3B3D1D61A-161x300.jpeg\" alt=\"\" width=\"161\" height=\"300\" srcset=\"https:\/\/www.real.edu.ee\/ajaveeb\/arh142b\/files\/2021\/10\/E8BDE0FA-ED77-4AA2-8CEC-F1A3B3D1D61A-161x300.jpeg 161w, https:\/\/www.real.edu.ee\/ajaveeb\/arh142b\/files\/2021\/10\/E8BDE0FA-ED77-4AA2-8CEC-F1A3B3D1D61A-551x1024.jpeg 551w, https:\/\/www.real.edu.ee\/ajaveeb\/arh142b\/files\/2021\/10\/E8BDE0FA-ED77-4AA2-8CEC-F1A3B3D1D61A-768x1427.jpeg 768w, https:\/\/www.real.edu.ee\/ajaveeb\/arh142b\/files\/2021\/10\/E8BDE0FA-ED77-4AA2-8CEC-F1A3B3D1D61A-826x1536.jpeg 826w, https:\/\/www.real.edu.ee\/ajaveeb\/arh142b\/files\/2021\/10\/E8BDE0FA-ED77-4AA2-8CEC-F1A3B3D1D61A-1102x2048.jpeg 1102w, https:\/\/www.real.edu.ee\/ajaveeb\/arh142b\/files\/2021\/10\/E8BDE0FA-ED77-4AA2-8CEC-F1A3B3D1D61A.jpeg 1188w\" sizes=\"auto, (max-width: 161px) 100vw, 161px\" \/><\/a><\/p>\n","protected":false},"excerpt":{"rendered":"<p>T\u00e4na oli meil \u00f5petajate p\u00e4eva puhul j\u00e4llegi abituriendid tundides. T\u00fcdrukud tegid kuldvillakut meie klassi kohta kus v\u00f5itsid Marissa,Marie ja Sarah ning p\u00e4ev l\u00f5ppes ajaloo tunniga, kus Gustav tegi meile v\u00e4ikese kontserdi.<\/p>\n","protected":false},"author":156,"featured_media":0,"comment_status":"closed","ping_status":"open","sticky":false,"template":"","format":"standard","meta":{"footnotes":""},"categories":[6],"tags":[],"class_list":["post-1514","post","type-post","status-publish","format-standard","hentry","category-7-klass"],"_links":{"self":[{"href":"https:\/\/www.real.edu.ee\/ajaveeb\/arh142b\/wp-json\/wp\/v2\/posts\/1514","targetHints":{"allow":["GET"]}}],"collection":[{"href":"https:\/\/www.real.edu.ee\/ajaveeb\/arh142b\/wp-json\/wp\/v2\/posts"}],"about":[{"href":"https:\/\/www.real.edu.ee\/ajaveeb\/arh142b\/wp-json\/wp\/v2\/types\/post"}],"author":[{"embeddable":true,"href":"https:\/\/www.real.edu.ee\/ajaveeb\/arh142b\/wp-json\/wp\/v2\/users\/156"}],"replies":[{"embeddable":true,"href":"https:\/\/www.real.edu.ee\/ajaveeb\/arh142b\/wp-json\/wp\/v2\/comments?post=1514"}],"version-history":[{"count":2,"href":"https:\/\/www.real.edu.ee\/ajaveeb\/arh142b\/wp-json\/wp\/v2\/posts\/1514\/revisions"}],"predecessor-version":[{"id":1518,"href":"https:\/\/www.real.edu.ee\/ajaveeb\/arh142b\/wp-json\/wp\/v2\/posts\/1514\/revisions\/1518"}],"wp:attachment":[{"href":"https:\/\/www.real.edu.ee\/ajaveeb\/arh142b\/wp-json\/wp\/v2\/media?parent=1514"}],"wp:term":[{"taxonomy":"category","embeddable":true,"href":"https:\/\/www.real.edu.ee\/ajaveeb\/arh142b\/wp-json\/wp\/v2\/categories?post=1514"},{"taxonomy":"post_tag","embeddable":true,"href":"https:\/\/www.real.edu.ee\/ajaveeb\/arh142b\/wp-json\/wp\/v2\/tags?post=1514"}],"curies":[{"name":"wp","href":"https:\/\/api.w.org\/{rel}","templated":true}]}}