{"id":1503,"date":"2021-09-30T22:49:59","date_gmt":"2021-09-30T19:49:59","guid":{"rendered":"https:\/\/www.real.edu.ee\/ajaveeb\/142b\/?p=1503"},"modified":"2023-11-10T14:55:42","modified_gmt":"2023-11-10T12:55:42","slug":"realkool-140","status":"publish","type":"post","link":"https:\/\/www.real.edu.ee\/ajaveeb\/arh142b\/2021\/09\/30\/realkool-140\/","title":{"rendered":"Realkool 140!"},"content":{"rendered":"<p>29. september nagu alati t\u00e4histame me oma toreda kooli s\u00fcnnip\u00e4eva! Tallinna Reaalkool on saanud 140 aastaseks ning see on ka juubel. Suured juubelipidustused on ees 2. oktoobril Noblessneris. Kuid t\u00e4na k\u00e4is k\u00fclas meil kooli vilistlane Raid Vellerind, kellelt saime palju inspiratsiooni. P\u00e4rast oli kauaoodatud koogis\u00f6\u00f6mine, v\u00f5inoh seekord pitsa s\u00f6\u00f6mine (ait\u00e4h Tristani isa maitsvate pitsade eest!). Ning viimast korda palju \u00f5nne Reaalkool!<\/p>\n<p><a href=\"http:\/\/www.real.edu.ee\/ajaveeb\/142b\/files\/2021\/09\/E8FF81F7-223F-4D88-85A5-F42F8B51433A-scaled.jpeg\"><img loading=\"lazy\" decoding=\"async\" class=\"alignnone size-medium wp-image-1504\" src=\"http:\/\/www.real.edu.ee\/ajaveeb\/142b\/files\/2021\/09\/E8FF81F7-223F-4D88-85A5-F42F8B51433A-300x225.jpeg\" alt=\"\" width=\"300\" height=\"225\" srcset=\"https:\/\/www.real.edu.ee\/ajaveeb\/arh142b\/files\/2021\/09\/E8FF81F7-223F-4D88-85A5-F42F8B51433A-300x225.jpeg 300w, https:\/\/www.real.edu.ee\/ajaveeb\/arh142b\/files\/2021\/09\/E8FF81F7-223F-4D88-85A5-F42F8B51433A-1024x768.jpeg 1024w, https:\/\/www.real.edu.ee\/ajaveeb\/arh142b\/files\/2021\/09\/E8FF81F7-223F-4D88-85A5-F42F8B51433A-768x576.jpeg 768w, https:\/\/www.real.edu.ee\/ajaveeb\/arh142b\/files\/2021\/09\/E8FF81F7-223F-4D88-85A5-F42F8B51433A-1536x1152.jpeg 1536w, https:\/\/www.real.edu.ee\/ajaveeb\/arh142b\/files\/2021\/09\/E8FF81F7-223F-4D88-85A5-F42F8B51433A-2048x1536.jpeg 2048w\" sizes=\"auto, (max-width: 300px) 100vw, 300px\" \/><\/a><\/p>\n<div id=\"attachment_1505\" style=\"width: 160px\" class=\"wp-caption alignleft\"><a href=\"http:\/\/www.real.edu.ee\/ajaveeb\/142b\/files\/2021\/09\/B4A24411-4E8B-4B75-9CFA-40C429441452.jpeg\"><img loading=\"lazy\" decoding=\"async\" aria-describedby=\"caption-attachment-1505\" class=\"size-thumbnail wp-image-1505\" src=\"http:\/\/www.real.edu.ee\/ajaveeb\/142b\/files\/2021\/09\/B4A24411-4E8B-4B75-9CFA-40C429441452-150x150.jpeg\" alt=\"\" width=\"150\" height=\"150\" \/><\/a><p id=\"caption-attachment-1505\" class=\"wp-caption-text\">juubelik\u00fcpsised<\/p><\/div>\n","protected":false},"excerpt":{"rendered":"<p>29. september nagu alati t\u00e4histame me oma toreda kooli s\u00fcnnip\u00e4eva! Tallinna Reaalkool on saanud 140 aastaseks ning see on ka juubel. Suured juubelipidustused on ees 2. oktoobril Noblessneris. Kuid t\u00e4na k\u00e4is k\u00fclas meil kooli vilistlane Raid Vellerind, kellelt saime palju inspiratsiooni. P\u00e4rast oli kauaoodatud koogis\u00f6\u00f6mine, v\u00f5inoh seekord pitsa s\u00f6\u00f6mine (ait\u00e4h Tristani isa maitsvate pitsade eest!). [&hellip;]<\/p>\n","protected":false},"author":156,"featured_media":0,"comment_status":"closed","ping_status":"open","sticky":false,"template":"","format":"standard","meta":{"footnotes":""},"categories":[6],"tags":[],"class_list":["post-1503","post","type-post","status-publish","format-standard","hentry","category-7-klass"],"_links":{"self":[{"href":"https:\/\/www.real.edu.ee\/ajaveeb\/arh142b\/wp-json\/wp\/v2\/posts\/1503","targetHints":{"allow":["GET"]}}],"collection":[{"href":"https:\/\/www.real.edu.ee\/ajaveeb\/arh142b\/wp-json\/wp\/v2\/posts"}],"about":[{"href":"https:\/\/www.real.edu.ee\/ajaveeb\/arh142b\/wp-json\/wp\/v2\/types\/post"}],"author":[{"embeddable":true,"href":"https:\/\/www.real.edu.ee\/ajaveeb\/arh142b\/wp-json\/wp\/v2\/users\/156"}],"replies":[{"embeddable":true,"href":"https:\/\/www.real.edu.ee\/ajaveeb\/arh142b\/wp-json\/wp\/v2\/comments?post=1503"}],"version-history":[{"count":1,"href":"https:\/\/www.real.edu.ee\/ajaveeb\/arh142b\/wp-json\/wp\/v2\/posts\/1503\/revisions"}],"predecessor-version":[{"id":1506,"href":"https:\/\/www.real.edu.ee\/ajaveeb\/arh142b\/wp-json\/wp\/v2\/posts\/1503\/revisions\/1506"}],"wp:attachment":[{"href":"https:\/\/www.real.edu.ee\/ajaveeb\/arh142b\/wp-json\/wp\/v2\/media?parent=1503"}],"wp:term":[{"taxonomy":"category","embeddable":true,"href":"https:\/\/www.real.edu.ee\/ajaveeb\/arh142b\/wp-json\/wp\/v2\/categories?post=1503"},{"taxonomy":"post_tag","embeddable":true,"href":"https:\/\/www.real.edu.ee\/ajaveeb\/arh142b\/wp-json\/wp\/v2\/tags?post=1503"}],"curies":[{"name":"wp","href":"https:\/\/api.w.org\/{rel}","templated":true}]}}