{"id":1427,"date":"2020-09-08T18:43:41","date_gmt":"2020-09-08T15:43:41","guid":{"rendered":"http:\/\/www.real.edu.ee\/ajaveeb\/142b\/?p=1427"},"modified":"2023-11-10T14:58:03","modified_gmt":"2023-11-10T12:58:03","slug":"tere-uus-kooliaasta","status":"publish","type":"post","link":"https:\/\/www.real.edu.ee\/ajaveeb\/arh142b\/2020\/09\/08\/tere-uus-kooliaasta\/","title":{"rendered":"Tere uus kooliaasta!"},"content":{"rendered":"<p>Peale nahkhiire s\u00f6\u00f6mist ning \u00fclemaailma liikuvat viirust tuli karantiin, kus me k\u00f5ik v\u00e4ga h\u00e4sti hakkama saime!\u00d5pingud olid sujuvad ning juba j\u00e4lle hakkas suvevaheaeg,kus me siis korralikult v\u00e4lja puhkasime ja esimeseks septembriks ette valmistusime.Sel aastal tuleb meile juurde p\u00e4ris mitu ainet,mille teevad huvitavaks meie toredad \u00f5petajad ja klassikaaslased.Ootame sellest aastast palju uusi toredaid kogemusi ja palju uusi teadmisi!<a href=\"http:\/\/www.real.edu.ee\/ajaveeb\/142b\/files\/2020\/09\/IMG-2276.jpg\"><img loading=\"lazy\" decoding=\"async\" class=\"alignnone size-medium wp-image-1429\" src=\"http:\/\/www.real.edu.ee\/ajaveeb\/142b\/files\/2020\/09\/IMG-2276-200x300.jpg\" alt=\"\" width=\"200\" height=\"300\" srcset=\"https:\/\/www.real.edu.ee\/ajaveeb\/arh142b\/files\/2020\/09\/IMG-2276-200x300.jpg 200w, https:\/\/www.real.edu.ee\/ajaveeb\/arh142b\/files\/2020\/09\/IMG-2276-682x1024.jpg 682w, https:\/\/www.real.edu.ee\/ajaveeb\/arh142b\/files\/2020\/09\/IMG-2276-768x1153.jpg 768w, https:\/\/www.real.edu.ee\/ajaveeb\/arh142b\/files\/2020\/09\/IMG-2276-1023x1536.jpg 1023w, https:\/\/www.real.edu.ee\/ajaveeb\/arh142b\/files\/2020\/09\/IMG-2276.jpg 1364w\" sizes=\"auto, (max-width: 200px) 100vw, 200px\" \/><\/a><\/p>\n","protected":false},"excerpt":{"rendered":"<p>Peale nahkhiire s\u00f6\u00f6mist ning \u00fclemaailma liikuvat viirust tuli karantiin, kus me k\u00f5ik v\u00e4ga h\u00e4sti hakkama saime!\u00d5pingud olid sujuvad ning juba j\u00e4lle hakkas suvevaheaeg,kus me siis korralikult v\u00e4lja puhkasime ja esimeseks septembriks ette valmistusime.Sel aastal tuleb meile juurde p\u00e4ris mitu ainet,mille teevad huvitavaks meie toredad \u00f5petajad ja klassikaaslased.Ootame sellest aastast palju uusi toredaid kogemusi ja palju [&hellip;]<\/p>\n","protected":false},"author":156,"featured_media":0,"comment_status":"closed","ping_status":"open","sticky":false,"template":"","format":"standard","meta":{"footnotes":""},"categories":[7],"tags":[],"class_list":["post-1427","post","type-post","status-publish","format-standard","hentry","category-6-klass"],"_links":{"self":[{"href":"https:\/\/www.real.edu.ee\/ajaveeb\/arh142b\/wp-json\/wp\/v2\/posts\/1427","targetHints":{"allow":["GET"]}}],"collection":[{"href":"https:\/\/www.real.edu.ee\/ajaveeb\/arh142b\/wp-json\/wp\/v2\/posts"}],"about":[{"href":"https:\/\/www.real.edu.ee\/ajaveeb\/arh142b\/wp-json\/wp\/v2\/types\/post"}],"author":[{"embeddable":true,"href":"https:\/\/www.real.edu.ee\/ajaveeb\/arh142b\/wp-json\/wp\/v2\/users\/156"}],"replies":[{"embeddable":true,"href":"https:\/\/www.real.edu.ee\/ajaveeb\/arh142b\/wp-json\/wp\/v2\/comments?post=1427"}],"version-history":[{"count":1,"href":"https:\/\/www.real.edu.ee\/ajaveeb\/arh142b\/wp-json\/wp\/v2\/posts\/1427\/revisions"}],"predecessor-version":[{"id":1430,"href":"https:\/\/www.real.edu.ee\/ajaveeb\/arh142b\/wp-json\/wp\/v2\/posts\/1427\/revisions\/1430"}],"wp:attachment":[{"href":"https:\/\/www.real.edu.ee\/ajaveeb\/arh142b\/wp-json\/wp\/v2\/media?parent=1427"}],"wp:term":[{"taxonomy":"category","embeddable":true,"href":"https:\/\/www.real.edu.ee\/ajaveeb\/arh142b\/wp-json\/wp\/v2\/categories?post=1427"},{"taxonomy":"post_tag","embeddable":true,"href":"https:\/\/www.real.edu.ee\/ajaveeb\/arh142b\/wp-json\/wp\/v2\/tags?post=1427"}],"curies":[{"name":"wp","href":"https:\/\/api.w.org\/{rel}","templated":true}]}}