{"id":829,"date":"2018-06-16T00:24:49","date_gmt":"2018-06-15T21:24:49","guid":{"rendered":"http:\/\/www.real.edu.ee\/ajaveeb\/142a\/?p=829"},"modified":"2018-06-16T00:24:49","modified_gmt":"2018-06-15T21:24:49","slug":"viimane-koolipaev-12-juuni-2018","status":"publish","type":"post","link":"https:\/\/www.real.edu.ee\/ajaveeb\/arh142a\/2018\/06\/16\/viimane-koolipaev-12-juuni-2018\/","title":{"rendered":"Viimane koolip\u00e4ev! 12.juuni 2018"},"content":{"rendered":"<p>Meie 3.klassi viimane koolip\u00e4ev oli vihmane ning seet\u00f5ttu toimus pidulik aktus aulas. Aktusel said kiituskirjad tublimatest tublimad \u00f5pilased: <strong>Karolin, Emma, Mirtel, Kaspar, Sten Erik, Kaarel, J\u00fcrgen ja Ralf<\/strong>. Palju \u00f5nne!<br \/>\nKlassis jagasime tunnistusi ning tegime pilte. P\u00e4eva l\u00f5petas suur \u00fcllatus: maitsev tort!<br \/>\n<a href=\"http:\/\/www.real.edu.ee\/ajaveeb\/142a\/files\/2018\/06\/20180612_105903.jpg\"><img loading=\"lazy\" decoding=\"async\" src=\"http:\/\/www.real.edu.ee\/ajaveeb\/142a\/files\/2018\/06\/20180612_105903-300x225.jpg\" alt=\"\" width=\"300\" height=\"225\" class=\"alignnone size-medium wp-image-830\" srcset=\"https:\/\/www.real.edu.ee\/ajaveeb\/arh142a\/files\/2018\/06\/20180612_105903-300x225.jpg 300w, https:\/\/www.real.edu.ee\/ajaveeb\/arh142a\/files\/2018\/06\/20180612_105903-768x576.jpg 768w, https:\/\/www.real.edu.ee\/ajaveeb\/arh142a\/files\/2018\/06\/20180612_105903-1024x768.jpg 1024w\" sizes=\"auto, (max-width: 300px) 100vw, 300px\" \/><\/a><\/p>\n<p><a href=\"http:\/\/www.real.edu.ee\/ajaveeb\/142a\/files\/2018\/06\/20180612_111551.jpg\"><img loading=\"lazy\" decoding=\"async\" src=\"http:\/\/www.real.edu.ee\/ajaveeb\/142a\/files\/2018\/06\/20180612_111551-300x225.jpg\" alt=\"\" width=\"300\" height=\"225\" class=\"alignnone size-medium wp-image-831\" srcset=\"https:\/\/www.real.edu.ee\/ajaveeb\/arh142a\/files\/2018\/06\/20180612_111551-300x225.jpg 300w, https:\/\/www.real.edu.ee\/ajaveeb\/arh142a\/files\/2018\/06\/20180612_111551-768x576.jpg 768w, https:\/\/www.real.edu.ee\/ajaveeb\/arh142a\/files\/2018\/06\/20180612_111551-1024x768.jpg 1024w\" sizes=\"auto, (max-width: 300px) 100vw, 300px\" \/><\/a><\/p>\n","protected":false},"excerpt":{"rendered":"<p>Meie 3.klassi viimane koolip\u00e4ev oli vihmane ning seet\u00f5ttu toimus pidulik aktus aulas. Aktusel said kiituskirjad tublimatest tublimad \u00f5pilased: Karolin, Emma, Mirtel, Kaspar, Sten Erik, Kaarel, J\u00fcrgen ja Ralf. Palju \u00f5nne! Klassis jagasime tunnistusi ning tegime pilte. P\u00e4eva l\u00f5petas suur \u00fcllatus: maitsev tort!<\/p>\n","protected":false},"author":100,"featured_media":0,"comment_status":"closed","ping_status":"open","sticky":false,"template":"","format":"standard","meta":{"footnotes":""},"categories":[1],"tags":[],"class_list":["post-829","post","type-post","status-publish","format-standard","hentry","category-maaratlemata"],"_links":{"self":[{"href":"https:\/\/www.real.edu.ee\/ajaveeb\/arh142a\/wp-json\/wp\/v2\/posts\/829","targetHints":{"allow":["GET"]}}],"collection":[{"href":"https:\/\/www.real.edu.ee\/ajaveeb\/arh142a\/wp-json\/wp\/v2\/posts"}],"about":[{"href":"https:\/\/www.real.edu.ee\/ajaveeb\/arh142a\/wp-json\/wp\/v2\/types\/post"}],"author":[{"embeddable":true,"href":"https:\/\/www.real.edu.ee\/ajaveeb\/arh142a\/wp-json\/wp\/v2\/users\/100"}],"replies":[{"embeddable":true,"href":"https:\/\/www.real.edu.ee\/ajaveeb\/arh142a\/wp-json\/wp\/v2\/comments?post=829"}],"version-history":[{"count":1,"href":"https:\/\/www.real.edu.ee\/ajaveeb\/arh142a\/wp-json\/wp\/v2\/posts\/829\/revisions"}],"predecessor-version":[{"id":832,"href":"https:\/\/www.real.edu.ee\/ajaveeb\/arh142a\/wp-json\/wp\/v2\/posts\/829\/revisions\/832"}],"wp:attachment":[{"href":"https:\/\/www.real.edu.ee\/ajaveeb\/arh142a\/wp-json\/wp\/v2\/media?parent=829"}],"wp:term":[{"taxonomy":"category","embeddable":true,"href":"https:\/\/www.real.edu.ee\/ajaveeb\/arh142a\/wp-json\/wp\/v2\/categories?post=829"},{"taxonomy":"post_tag","embeddable":true,"href":"https:\/\/www.real.edu.ee\/ajaveeb\/arh142a\/wp-json\/wp\/v2\/tags?post=829"}],"curies":[{"name":"wp","href":"https:\/\/api.w.org\/{rel}","templated":true}]}}