{"id":583,"date":"2017-09-29T21:43:06","date_gmt":"2017-09-29T18:43:06","guid":{"rendered":"http:\/\/www.real.edu.ee\/ajaveeb\/142a\/?p=583"},"modified":"2017-10-20T21:56:19","modified_gmt":"2017-10-20T18:56:19","slug":"kooli-sunnipaev-29-septembril-2017","status":"publish","type":"post","link":"https:\/\/www.real.edu.ee\/ajaveeb\/arh142a\/2017\/09\/29\/kooli-sunnipaev-29-septembril-2017\/","title":{"rendered":"Kooli s\u00fcnnip\u00e4ev, 29.septembril 2017"},"content":{"rendered":"<p>29. septembril toimus Tallinna Reaalkooli s\u00fcnnip\u00e4ev. Kool sai 136-aastaseks. Meie klass tegi ise kooki ja see oli v\u00e4ga maitsev. Muidu oli meil ka v\u00e4ga l\u00f5bus. Igas klassis k\u00e4is ka \u00fcks vilistlane, meil k\u00e4is k\u00fclas Irise vanaisa.(autor Liisa Lota)<br \/>\n<div id=\"attachment_589\" style=\"width: 310px\" class=\"wp-caption aligncenter\"><a href=\"http:\/\/www.real.edu.ee\/ajaveeb\/142a\/files\/2017\/10\/20170929_121322.jpg\"><img loading=\"lazy\" decoding=\"async\" aria-describedby=\"caption-attachment-589\" src=\"http:\/\/www.real.edu.ee\/ajaveeb\/142a\/files\/2017\/10\/20170929_121322-300x169.jpg\" alt=\"\" width=\"300\" height=\"169\" class=\"size-medium wp-image-589\" srcset=\"https:\/\/www.real.edu.ee\/ajaveeb\/arh142a\/files\/2017\/10\/20170929_121322-300x169.jpg 300w, https:\/\/www.real.edu.ee\/ajaveeb\/arh142a\/files\/2017\/10\/20170929_121322-768x432.jpg 768w, https:\/\/www.real.edu.ee\/ajaveeb\/arh142a\/files\/2017\/10\/20170929_121322-1024x576.jpg 1024w\" sizes=\"auto, (max-width: 300px) 100vw, 300px\" \/><\/a><p id=\"caption-attachment-589\" class=\"wp-caption-text\">Reaalkooli vilistlane \u00dcllar Hints (lend 85d).<\/p><\/div><\/p>\n<p>29.septembril oli Tallinna Reaalkoolil 136.s\u00fcnnip\u00e4ev. Meie klass tegi kooli s\u00fcnnip\u00e4eva puhul Reaalkooli teemalised tordid. Minu arust olid need tordid v\u00e4ga teemakohased ja ilusad.<br \/>\nMe laulsime koolile s\u00fcnnip\u00e4evalaulu. Siis hakkasime torti s\u00f6\u00f6ma ja mahla jooma. See oli v\u00e4ga maitsev. See p\u00e4ev oli v\u00e4ga tore. (autor Emma)<\/p>\n<p>Koolil oli 29.septembril s\u00fcnnip\u00e4ev. Kool sai 136-aastaseks. Me t\u00e4histasime seda niimoodi, et me tegime tordid, mis tulid v\u00e4ga kaunid, direktor pidas k\u00f5net ja siis me laulsime &#8220;Palju \u00f5nne&#8221; laulu. Muidugi s\u00f5ime me torti ka. (autor Karolin)<\/p>\n<p><a href=\"http:\/\/www.real.edu.ee\/ajaveeb\/142a\/files\/2017\/10\/20170929_102603.jpg\"><img loading=\"lazy\" decoding=\"async\" src=\"http:\/\/www.real.edu.ee\/ajaveeb\/142a\/files\/2017\/10\/20170929_102603-300x169.jpg\" alt=\"\" width=\"300\" height=\"169\" class=\"aligncenter size-medium wp-image-588\" srcset=\"https:\/\/www.real.edu.ee\/ajaveeb\/arh142a\/files\/2017\/10\/20170929_102603-300x169.jpg 300w, https:\/\/www.real.edu.ee\/ajaveeb\/arh142a\/files\/2017\/10\/20170929_102603-768x432.jpg 768w, https:\/\/www.real.edu.ee\/ajaveeb\/arh142a\/files\/2017\/10\/20170929_102603-1024x576.jpg 1024w\" sizes=\"auto, (max-width: 300px) 100vw, 300px\" \/><\/a><\/p>\n<p><a href=\"http:\/\/www.real.edu.ee\/ajaveeb\/142a\/files\/2017\/10\/20170929_102540.jpg\"><img loading=\"lazy\" decoding=\"async\" src=\"http:\/\/www.real.edu.ee\/ajaveeb\/142a\/files\/2017\/10\/20170929_102540-300x169.jpg\" alt=\"\" width=\"300\" height=\"169\" class=\"aligncenter size-medium wp-image-587\" srcset=\"https:\/\/www.real.edu.ee\/ajaveeb\/arh142a\/files\/2017\/10\/20170929_102540-300x169.jpg 300w, https:\/\/www.real.edu.ee\/ajaveeb\/arh142a\/files\/2017\/10\/20170929_102540-768x432.jpg 768w, https:\/\/www.real.edu.ee\/ajaveeb\/arh142a\/files\/2017\/10\/20170929_102540-1024x576.jpg 1024w\" sizes=\"auto, (max-width: 300px) 100vw, 300px\" \/><\/a><\/p>\n","protected":false},"excerpt":{"rendered":"<p>29. septembril toimus Tallinna Reaalkooli s\u00fcnnip\u00e4ev. Kool sai 136-aastaseks. Meie klass tegi ise kooki ja see oli v\u00e4ga maitsev. Muidu oli meil ka v\u00e4ga l\u00f5bus. Igas klassis k\u00e4is ka \u00fcks vilistlane, meil k\u00e4is k\u00fclas Irise vanaisa.(autor Liisa Lota) 29.septembril oli Tallinna Reaalkoolil 136.s\u00fcnnip\u00e4ev. Meie klass tegi kooli s\u00fcnnip\u00e4eva puhul Reaalkooli teemalised tordid. Minu arust olid [&hellip;]<\/p>\n","protected":false},"author":100,"featured_media":0,"comment_status":"closed","ping_status":"open","sticky":false,"template":"","format":"standard","meta":{"footnotes":""},"categories":[1],"tags":[],"class_list":["post-583","post","type-post","status-publish","format-standard","hentry","category-maaratlemata"],"_links":{"self":[{"href":"https:\/\/www.real.edu.ee\/ajaveeb\/arh142a\/wp-json\/wp\/v2\/posts\/583","targetHints":{"allow":["GET"]}}],"collection":[{"href":"https:\/\/www.real.edu.ee\/ajaveeb\/arh142a\/wp-json\/wp\/v2\/posts"}],"about":[{"href":"https:\/\/www.real.edu.ee\/ajaveeb\/arh142a\/wp-json\/wp\/v2\/types\/post"}],"author":[{"embeddable":true,"href":"https:\/\/www.real.edu.ee\/ajaveeb\/arh142a\/wp-json\/wp\/v2\/users\/100"}],"replies":[{"embeddable":true,"href":"https:\/\/www.real.edu.ee\/ajaveeb\/arh142a\/wp-json\/wp\/v2\/comments?post=583"}],"version-history":[{"count":2,"href":"https:\/\/www.real.edu.ee\/ajaveeb\/arh142a\/wp-json\/wp\/v2\/posts\/583\/revisions"}],"predecessor-version":[{"id":595,"href":"https:\/\/www.real.edu.ee\/ajaveeb\/arh142a\/wp-json\/wp\/v2\/posts\/583\/revisions\/595"}],"wp:attachment":[{"href":"https:\/\/www.real.edu.ee\/ajaveeb\/arh142a\/wp-json\/wp\/v2\/media?parent=583"}],"wp:term":[{"taxonomy":"category","embeddable":true,"href":"https:\/\/www.real.edu.ee\/ajaveeb\/arh142a\/wp-json\/wp\/v2\/categories?post=583"},{"taxonomy":"post_tag","embeddable":true,"href":"https:\/\/www.real.edu.ee\/ajaveeb\/arh142a\/wp-json\/wp\/v2\/tags?post=583"}],"curies":[{"name":"wp","href":"https:\/\/api.w.org\/{rel}","templated":true}]}}