{"id":581,"date":"2017-09-29T22:07:11","date_gmt":"2017-09-29T19:07:11","guid":{"rendered":"http:\/\/www.real.edu.ee\/ajaveeb\/142a\/?p=581"},"modified":"2017-10-20T22:08:07","modified_gmt":"2017-10-20T19:08:07","slug":"teadlaste-oo-29-septembril-2017","status":"publish","type":"post","link":"https:\/\/www.real.edu.ee\/ajaveeb\/arh142a\/2017\/09\/29\/teadlaste-oo-29-septembril-2017\/","title":{"rendered":"Teadlaste \u00f6\u00f6, 29.septembril 2017"},"content":{"rendered":"<p>Kooli s\u00fcnnip\u00e4eva\u00f5htul toimus koolis Teadlaste \u00f6\u00f6. Meie klassi esindasid Elsa, Mark, Julius ja Niklas. Olite v\u00e4ga tublid!<br \/>\n<a href=\"http:\/\/www.real.edu.ee\/ajaveeb\/142a\/files\/2017\/10\/20170929_180528-e1508525857696.jpg\"><img loading=\"lazy\" decoding=\"async\" class=\"aligncenter size-medium wp-image-594\" src=\"http:\/\/www.real.edu.ee\/ajaveeb\/142a\/files\/2017\/10\/20170929_180528-e1508525857696-169x300.jpg\" alt=\"\" width=\"169\" height=\"300\" srcset=\"https:\/\/www.real.edu.ee\/ajaveeb\/arh142a\/files\/2017\/10\/20170929_180528-e1508525857696-169x300.jpg 169w, https:\/\/www.real.edu.ee\/ajaveeb\/arh142a\/files\/2017\/10\/20170929_180528-e1508525857696-768x1365.jpg 768w, https:\/\/www.real.edu.ee\/ajaveeb\/arh142a\/files\/2017\/10\/20170929_180528-e1508525857696-576x1024.jpg 576w\" sizes=\"auto, (max-width: 169px) 100vw, 169px\" \/><\/a><a href=\"http:\/\/www.real.edu.ee\/ajaveeb\/142a\/files\/2017\/10\/20170929_180321.jpg\"><img loading=\"lazy\" decoding=\"async\" class=\"aligncenter size-medium wp-image-593\" src=\"http:\/\/www.real.edu.ee\/ajaveeb\/142a\/files\/2017\/10\/20170929_180321-300x169.jpg\" alt=\"\" width=\"300\" height=\"169\" srcset=\"https:\/\/www.real.edu.ee\/ajaveeb\/arh142a\/files\/2017\/10\/20170929_180321-300x169.jpg 300w, https:\/\/www.real.edu.ee\/ajaveeb\/arh142a\/files\/2017\/10\/20170929_180321-768x432.jpg 768w, https:\/\/www.real.edu.ee\/ajaveeb\/arh142a\/files\/2017\/10\/20170929_180321-1024x576.jpg 1024w\" sizes=\"auto, (max-width: 300px) 100vw, 300px\" \/><\/a><\/p>\n<p>&nbsp;<\/p>\n<p><a href=\"http:\/\/www.real.edu.ee\/ajaveeb\/142a\/files\/2017\/10\/20170929_175113.jpg\"><img loading=\"lazy\" decoding=\"async\" class=\"aligncenter size-medium wp-image-592\" src=\"http:\/\/www.real.edu.ee\/ajaveeb\/142a\/files\/2017\/10\/20170929_175113-300x169.jpg\" alt=\"\" width=\"300\" height=\"169\" srcset=\"https:\/\/www.real.edu.ee\/ajaveeb\/arh142a\/files\/2017\/10\/20170929_175113-300x169.jpg 300w, https:\/\/www.real.edu.ee\/ajaveeb\/arh142a\/files\/2017\/10\/20170929_175113-768x432.jpg 768w, https:\/\/www.real.edu.ee\/ajaveeb\/arh142a\/files\/2017\/10\/20170929_175113-1024x576.jpg 1024w\" sizes=\"auto, (max-width: 300px) 100vw, 300px\" \/><\/a><a href=\"http:\/\/www.real.edu.ee\/ajaveeb\/142a\/files\/2017\/10\/20170929_174524.jpg\"><img loading=\"lazy\" decoding=\"async\" class=\"aligncenter size-medium wp-image-591\" src=\"http:\/\/www.real.edu.ee\/ajaveeb\/142a\/files\/2017\/10\/20170929_174524-300x169.jpg\" alt=\"\" width=\"300\" height=\"169\" srcset=\"https:\/\/www.real.edu.ee\/ajaveeb\/arh142a\/files\/2017\/10\/20170929_174524-300x169.jpg 300w, https:\/\/www.real.edu.ee\/ajaveeb\/arh142a\/files\/2017\/10\/20170929_174524-768x432.jpg 768w, https:\/\/www.real.edu.ee\/ajaveeb\/arh142a\/files\/2017\/10\/20170929_174524-1024x576.jpg 1024w\" sizes=\"auto, (max-width: 300px) 100vw, 300px\" \/><\/a><\/p>\n<p>&nbsp;<\/p>\n","protected":false},"excerpt":{"rendered":"<p>Kooli s\u00fcnnip\u00e4eva\u00f5htul toimus koolis Teadlaste \u00f6\u00f6. Meie klassi esindasid Elsa, Mark, Julius ja Niklas. Olite v\u00e4ga tublid! &nbsp; &nbsp;<\/p>\n","protected":false},"author":100,"featured_media":0,"comment_status":"closed","ping_status":"open","sticky":false,"template":"","format":"standard","meta":{"footnotes":""},"categories":[1],"tags":[],"class_list":["post-581","post","type-post","status-publish","format-standard","hentry","category-maaratlemata"],"_links":{"self":[{"href":"https:\/\/www.real.edu.ee\/ajaveeb\/arh142a\/wp-json\/wp\/v2\/posts\/581","targetHints":{"allow":["GET"]}}],"collection":[{"href":"https:\/\/www.real.edu.ee\/ajaveeb\/arh142a\/wp-json\/wp\/v2\/posts"}],"about":[{"href":"https:\/\/www.real.edu.ee\/ajaveeb\/arh142a\/wp-json\/wp\/v2\/types\/post"}],"author":[{"embeddable":true,"href":"https:\/\/www.real.edu.ee\/ajaveeb\/arh142a\/wp-json\/wp\/v2\/users\/100"}],"replies":[{"embeddable":true,"href":"https:\/\/www.real.edu.ee\/ajaveeb\/arh142a\/wp-json\/wp\/v2\/comments?post=581"}],"version-history":[{"count":4,"href":"https:\/\/www.real.edu.ee\/ajaveeb\/arh142a\/wp-json\/wp\/v2\/posts\/581\/revisions"}],"predecessor-version":[{"id":603,"href":"https:\/\/www.real.edu.ee\/ajaveeb\/arh142a\/wp-json\/wp\/v2\/posts\/581\/revisions\/603"}],"wp:attachment":[{"href":"https:\/\/www.real.edu.ee\/ajaveeb\/arh142a\/wp-json\/wp\/v2\/media?parent=581"}],"wp:term":[{"taxonomy":"category","embeddable":true,"href":"https:\/\/www.real.edu.ee\/ajaveeb\/arh142a\/wp-json\/wp\/v2\/categories?post=581"},{"taxonomy":"post_tag","embeddable":true,"href":"https:\/\/www.real.edu.ee\/ajaveeb\/arh142a\/wp-json\/wp\/v2\/tags?post=581"}],"curies":[{"name":"wp","href":"https:\/\/api.w.org\/{rel}","templated":true}]}}