{"id":1991,"date":"2023-10-30T08:25:05","date_gmt":"2023-10-30T06:25:05","guid":{"rendered":"https:\/\/www.real.edu.ee\/ajaveeb\/142a\/?p=1991"},"modified":"2024-04-14T21:15:01","modified_gmt":"2024-04-14T18:15:01","slug":"klassioo-2","status":"publish","type":"post","link":"https:\/\/www.real.edu.ee\/ajaveeb\/arh142a\/2023\/10\/30\/klassioo-2\/","title":{"rendered":"Klassi\u00f6\u00f6"},"content":{"rendered":"<p>Oktoobris vastu vaheaja algust oli meil klassiga klassi\u00f6\u00f6. Klassi\u00f6\u00f6 oli v\u00e4ikses majas ja pidu k\u00e4is terve \u00f6\u00f6. \u00d5htu alguses korraldas Marta \u00fclej\u00e4\u00e4nud klassile toredaid m\u00e4nge, tegevusi ja \u00fclesandeid, mida gruppides v\u00f5i k\u00f5ik koos tegime. K\u00f5igil oli kaasas s\u00f6\u00f6k, jook ja hea tuju. Peale \u00f5htuse osa l\u00f5ppu mindi maja peale laiali. M\u00e4ngiti UNOt ja pandi kokku puslesid, tantsiti Just Dance\u2019i ja vaadati filme. K\u00f5igile meeldis ja ootame huviga j\u00e4rgmist.<\/p>\n<p><a href=\"http:\/\/www.real.edu.ee\/ajaveeb\/142a\/files\/2024\/04\/klassioo1-scaled.jpg\"><img loading=\"lazy\" decoding=\"async\" class=\"alignnone size-medium wp-image-2031\" src=\"http:\/\/www.real.edu.ee\/ajaveeb\/142a\/files\/2024\/04\/klassioo1-300x225.jpg\" alt=\"\" width=\"300\" height=\"225\" srcset=\"https:\/\/www.real.edu.ee\/ajaveeb\/arh142a\/files\/2024\/04\/klassioo1-300x225.jpg 300w, https:\/\/www.real.edu.ee\/ajaveeb\/arh142a\/files\/2024\/04\/klassioo1-1024x769.jpg 1024w, https:\/\/www.real.edu.ee\/ajaveeb\/arh142a\/files\/2024\/04\/klassioo1-768x577.jpg 768w, https:\/\/www.real.edu.ee\/ajaveeb\/arh142a\/files\/2024\/04\/klassioo1-1536x1154.jpg 1536w, https:\/\/www.real.edu.ee\/ajaveeb\/arh142a\/files\/2024\/04\/klassioo1-2048x1539.jpg 2048w\" sizes=\"auto, (max-width: 300px) 100vw, 300px\" \/><\/a><\/p>\n<p>M\u00f5tteid jagas Laura<\/p>\n","protected":false},"excerpt":{"rendered":"<p>Oktoobris vastu vaheaja algust oli meil klassiga klassi\u00f6\u00f6. Klassi\u00f6\u00f6 oli v\u00e4ikses majas ja pidu k\u00e4is terve \u00f6\u00f6. \u00d5htu alguses korraldas Marta \u00fclej\u00e4\u00e4nud klassile toredaid m\u00e4nge, tegevusi ja \u00fclesandeid, mida gruppides v\u00f5i k\u00f5ik koos tegime. K\u00f5igil oli kaasas s\u00f6\u00f6k, jook ja hea tuju. Peale \u00f5htuse osa l\u00f5ppu mindi maja peale laiali. M\u00e4ngiti UNOt ja pandi kokku [&hellip;]<\/p>\n","protected":false},"author":167,"featured_media":0,"comment_status":"closed","ping_status":"open","sticky":false,"template":"","format":"standard","meta":{"footnotes":""},"categories":[6],"tags":[],"class_list":["post-1991","post","type-post","status-publish","format-standard","hentry","category-9-kl"],"_links":{"self":[{"href":"https:\/\/www.real.edu.ee\/ajaveeb\/arh142a\/wp-json\/wp\/v2\/posts\/1991","targetHints":{"allow":["GET"]}}],"collection":[{"href":"https:\/\/www.real.edu.ee\/ajaveeb\/arh142a\/wp-json\/wp\/v2\/posts"}],"about":[{"href":"https:\/\/www.real.edu.ee\/ajaveeb\/arh142a\/wp-json\/wp\/v2\/types\/post"}],"author":[{"embeddable":true,"href":"https:\/\/www.real.edu.ee\/ajaveeb\/arh142a\/wp-json\/wp\/v2\/users\/167"}],"replies":[{"embeddable":true,"href":"https:\/\/www.real.edu.ee\/ajaveeb\/arh142a\/wp-json\/wp\/v2\/comments?post=1991"}],"version-history":[{"count":4,"href":"https:\/\/www.real.edu.ee\/ajaveeb\/arh142a\/wp-json\/wp\/v2\/posts\/1991\/revisions"}],"predecessor-version":[{"id":2032,"href":"https:\/\/www.real.edu.ee\/ajaveeb\/arh142a\/wp-json\/wp\/v2\/posts\/1991\/revisions\/2032"}],"wp:attachment":[{"href":"https:\/\/www.real.edu.ee\/ajaveeb\/arh142a\/wp-json\/wp\/v2\/media?parent=1991"}],"wp:term":[{"taxonomy":"category","embeddable":true,"href":"https:\/\/www.real.edu.ee\/ajaveeb\/arh142a\/wp-json\/wp\/v2\/categories?post=1991"},{"taxonomy":"post_tag","embeddable":true,"href":"https:\/\/www.real.edu.ee\/ajaveeb\/arh142a\/wp-json\/wp\/v2\/tags?post=1991"}],"curies":[{"name":"wp","href":"https:\/\/api.w.org\/{rel}","templated":true}]}}