{"id":190,"date":"2016-09-29T13:33:38","date_gmt":"2016-09-29T10:33:38","guid":{"rendered":"http:\/\/www.real.edu.ee\/ajaveeb\/142a\/?p=190"},"modified":"2016-10-24T13:51:39","modified_gmt":"2016-10-24T10:51:39","slug":"tallinna-reaalkool-135-29-septembril-2016","status":"publish","type":"post","link":"https:\/\/www.real.edu.ee\/ajaveeb\/arh142a\/2016\/09\/29\/tallinna-reaalkool-135-29-septembril-2016\/","title":{"rendered":"PALJU \u00d5NNE! Tallinna Reaalkool 135, 29.septembril 2016"},"content":{"rendered":"<p>29.septembril t\u00e4histasime kooli juubelit. Sel puhul tuli meie klassi oma m\u00e4lestustest r\u00e4\u00e4kima kooli vilistlane \u00f5p Silvia Purje. Kooli hoovis s\u00f5ime k\u00f5ik koos kringlit ja kuulasime direktori k\u00f5net. PALJU \u00d5NNE!<\/p>\n<p><a href=\"http:\/\/www.real.edu.ee\/ajaveeb\/142a\/files\/2016\/10\/20160929_102918.jpg\"><img loading=\"lazy\" decoding=\"async\" class=\"aligncenter size-medium wp-image-191\" src=\"http:\/\/www.real.edu.ee\/ajaveeb\/142a\/files\/2016\/10\/20160929_102918-300x169.jpg\" alt=\"20160929_102918\" width=\"300\" height=\"169\" srcset=\"https:\/\/www.real.edu.ee\/ajaveeb\/arh142a\/files\/2016\/10\/20160929_102918-300x169.jpg 300w, https:\/\/www.real.edu.ee\/ajaveeb\/arh142a\/files\/2016\/10\/20160929_102918-768x432.jpg 768w, https:\/\/www.real.edu.ee\/ajaveeb\/arh142a\/files\/2016\/10\/20160929_102918-1024x576.jpg 1024w\" sizes=\"auto, (max-width: 300px) 100vw, 300px\" \/><\/a> <a href=\"http:\/\/www.real.edu.ee\/ajaveeb\/142a\/files\/2016\/10\/20160929_112126.jpg\"><img loading=\"lazy\" decoding=\"async\" class=\"aligncenter size-medium wp-image-192\" src=\"http:\/\/www.real.edu.ee\/ajaveeb\/142a\/files\/2016\/10\/20160929_112126-300x169.jpg\" alt=\"20160929_112126\" width=\"300\" height=\"169\" srcset=\"https:\/\/www.real.edu.ee\/ajaveeb\/arh142a\/files\/2016\/10\/20160929_112126-300x169.jpg 300w, https:\/\/www.real.edu.ee\/ajaveeb\/arh142a\/files\/2016\/10\/20160929_112126-768x432.jpg 768w, https:\/\/www.real.edu.ee\/ajaveeb\/arh142a\/files\/2016\/10\/20160929_112126-1024x576.jpg 1024w\" sizes=\"auto, (max-width: 300px) 100vw, 300px\" \/><\/a><\/p>\n","protected":false},"excerpt":{"rendered":"<p>29.septembril t\u00e4histasime kooli juubelit. Sel puhul tuli meie klassi oma m\u00e4lestustest r\u00e4\u00e4kima kooli vilistlane \u00f5p Silvia Purje. Kooli hoovis s\u00f5ime k\u00f5ik koos kringlit ja kuulasime direktori k\u00f5net. PALJU \u00d5NNE!<\/p>\n","protected":false},"author":100,"featured_media":0,"comment_status":"closed","ping_status":"open","sticky":false,"template":"","format":"standard","meta":{"footnotes":""},"categories":[1],"tags":[],"class_list":["post-190","post","type-post","status-publish","format-standard","hentry","category-maaratlemata"],"_links":{"self":[{"href":"https:\/\/www.real.edu.ee\/ajaveeb\/arh142a\/wp-json\/wp\/v2\/posts\/190","targetHints":{"allow":["GET"]}}],"collection":[{"href":"https:\/\/www.real.edu.ee\/ajaveeb\/arh142a\/wp-json\/wp\/v2\/posts"}],"about":[{"href":"https:\/\/www.real.edu.ee\/ajaveeb\/arh142a\/wp-json\/wp\/v2\/types\/post"}],"author":[{"embeddable":true,"href":"https:\/\/www.real.edu.ee\/ajaveeb\/arh142a\/wp-json\/wp\/v2\/users\/100"}],"replies":[{"embeddable":true,"href":"https:\/\/www.real.edu.ee\/ajaveeb\/arh142a\/wp-json\/wp\/v2\/comments?post=190"}],"version-history":[{"count":2,"href":"https:\/\/www.real.edu.ee\/ajaveeb\/arh142a\/wp-json\/wp\/v2\/posts\/190\/revisions"}],"predecessor-version":[{"id":194,"href":"https:\/\/www.real.edu.ee\/ajaveeb\/arh142a\/wp-json\/wp\/v2\/posts\/190\/revisions\/194"}],"wp:attachment":[{"href":"https:\/\/www.real.edu.ee\/ajaveeb\/arh142a\/wp-json\/wp\/v2\/media?parent=190"}],"wp:term":[{"taxonomy":"category","embeddable":true,"href":"https:\/\/www.real.edu.ee\/ajaveeb\/arh142a\/wp-json\/wp\/v2\/categories?post=190"},{"taxonomy":"post_tag","embeddable":true,"href":"https:\/\/www.real.edu.ee\/ajaveeb\/arh142a\/wp-json\/wp\/v2\/tags?post=190"}],"curies":[{"name":"wp","href":"https:\/\/api.w.org\/{rel}","templated":true}]}}