{"id":1889,"date":"2022-12-29T20:29:03","date_gmt":"2022-12-29T18:29:03","guid":{"rendered":"https:\/\/www.real.edu.ee\/ajaveeb\/142a\/?p=1889"},"modified":"2023-01-20T08:41:00","modified_gmt":"2023-01-20T06:41:00","slug":"klassioo","status":"publish","type":"post","link":"https:\/\/www.real.edu.ee\/ajaveeb\/arh142a\/2022\/12\/29\/klassioo\/","title":{"rendered":"Klassi\u00f6\u00f6"},"content":{"rendered":"<p><span style=\"background-color: #ffffff\">Klassi\u00f6\u00f6 algas \u00f5htuse programmiga, mis sarnanes klassi\u00f5htule, kus me olime terve klassiga koos. Me m\u00e4ngisime palju m\u00e4nge, r\u00e4\u00e4kisime niisama ja jagasime omavahel \u00e4ra j\u00f5ulukingid. <\/span><\/p>\n<p><span style=\"background-color: #ffffff\">\u00dchine tegevus l\u00f5ppes kella 11 paiku \u00f5htul. Siis algas vaba aeg ja mindi v\u00e4ikese maja peale laiali. Paljud hakkasid m\u00e4ngima Just Dance-i, m\u00f5ned j\u00e4id algsesse klassiruumi ja m\u00e4ngisid seal kaarte ning \u00fcle\u00fcldiselt leidsid k\u00f5ik endale mingisugust tegevust. Magama ei l\u00e4inud mitte keegi enne 5 hommikul (peale Tiia).<\/span><\/p>\n<p><span style=\"background-color: #ffffff\">Olen k\u00f5igile v\u00e4ga t\u00e4nulik, sest keegi ei saanud mingi suure jamaga hakkama ja k\u00f5ik pidasid reeglitest kinni. Olen v\u00e4ga uhke teie \u00fcle.\u00a0<\/span><\/p>\n<p>Klassi\u00f6\u00f6 oli selle aasta \u00fcks lahedamaid s\u00fcndmusi ja ma usun, et k\u00f5igil oli v\u00e4ga tore. Ma juba ootan j\u00e4rgmist korda.<\/p>\n<p>M\u00f5tteid jagas Marta<\/p>\n\n\t\t<style type=\"text\/css\">\n\t\t\t#gallery-1 {\n\t\t\t\tmargin: auto;\n\t\t\t}\n\t\t\t#gallery-1 .gallery-item {\n\t\t\t\tfloat: left;\n\t\t\t\tmargin-top: 10px;\n\t\t\t\ttext-align: center;\n\t\t\t\twidth: 50%;\n\t\t\t}\n\t\t\t#gallery-1 img {\n\t\t\t\tborder: 2px solid #cfcfcf;\n\t\t\t}\n\t\t\t#gallery-1 .gallery-caption {\n\t\t\t\tmargin-left: 0;\n\t\t\t}\n\t\t\t\/* see gallery_shortcode() in wp-includes\/media.php *\/\n\t\t<\/style>\n\t\t<div id='gallery-1' class='gallery galleryid-1889 gallery-columns-2 gallery-size-thumbnail'><dl class='gallery-item'>\n\t\t\t<dt class='gallery-icon landscape'>\n\t\t\t\t<a href='https:\/\/www.real.edu.ee\/ajaveeb\/arh142a\/files\/2022\/12\/IMG_2124-scaled.jpg'><img loading=\"lazy\" decoding=\"async\" width=\"150\" height=\"150\" src=\"https:\/\/www.real.edu.ee\/ajaveeb\/arh142a\/files\/2022\/12\/IMG_2124-150x150.jpg\" class=\"attachment-thumbnail size-thumbnail\" alt=\"\" \/><\/a>\n\t\t\t<\/dt><\/dl><dl class='gallery-item'>\n\t\t\t<dt class='gallery-icon portrait'>\n\t\t\t\t<a href='https:\/\/www.real.edu.ee\/ajaveeb\/arh142a\/files\/2022\/12\/IMG_2056-scaled.jpg'><img loading=\"lazy\" decoding=\"async\" width=\"150\" height=\"150\" src=\"https:\/\/www.real.edu.ee\/ajaveeb\/arh142a\/files\/2022\/12\/IMG_2056-150x150.jpg\" class=\"attachment-thumbnail size-thumbnail\" alt=\"\" \/><\/a>\n\t\t\t<\/dt><\/dl><br style=\"clear: both\" \/><dl class='gallery-item'>\n\t\t\t<dt class='gallery-icon landscape'>\n\t\t\t\t<a href='https:\/\/www.real.edu.ee\/ajaveeb\/arh142a\/files\/2022\/12\/IMG_2061-scaled.jpg'><img loading=\"lazy\" decoding=\"async\" width=\"150\" height=\"150\" src=\"https:\/\/www.real.edu.ee\/ajaveeb\/arh142a\/files\/2022\/12\/IMG_2061-150x150.jpg\" class=\"attachment-thumbnail size-thumbnail\" alt=\"\" \/><\/a>\n\t\t\t<\/dt><\/dl><dl class='gallery-item'>\n\t\t\t<dt class='gallery-icon portrait'>\n\t\t\t\t<a href='https:\/\/www.real.edu.ee\/ajaveeb\/arh142a\/files\/2022\/12\/20221221_195005-scaled.jpg'><img loading=\"lazy\" decoding=\"async\" width=\"150\" height=\"150\" src=\"https:\/\/www.real.edu.ee\/ajaveeb\/arh142a\/files\/2022\/12\/20221221_195005-150x150.jpg\" class=\"attachment-thumbnail size-thumbnail\" alt=\"\" \/><\/a>\n\t\t\t<\/dt><\/dl><br style=\"clear: both\" \/>\n\t\t<\/div>\n\n<p>&nbsp;<\/p>\n","protected":false},"excerpt":{"rendered":"<p>Klassi\u00f6\u00f6 algas \u00f5htuse programmiga, mis sarnanes klassi\u00f5htule, kus me olime terve klassiga koos. Me m\u00e4ngisime palju m\u00e4nge, r\u00e4\u00e4kisime niisama ja jagasime omavahel \u00e4ra j\u00f5ulukingid. \u00dchine tegevus l\u00f5ppes kella 11 paiku \u00f5htul. Siis algas vaba aeg ja mindi v\u00e4ikese maja peale laiali. Paljud hakkasid m\u00e4ngima Just Dance-i, m\u00f5ned j\u00e4id algsesse klassiruumi ja m\u00e4ngisid seal kaarte ning [&hellip;]<\/p>\n","protected":false},"author":167,"featured_media":0,"comment_status":"closed","ping_status":"open","sticky":false,"template":"","format":"standard","meta":{"footnotes":""},"categories":[5],"tags":[],"class_list":["post-1889","post","type-post","status-publish","format-standard","hentry","category-8-kl"],"_links":{"self":[{"href":"https:\/\/www.real.edu.ee\/ajaveeb\/arh142a\/wp-json\/wp\/v2\/posts\/1889","targetHints":{"allow":["GET"]}}],"collection":[{"href":"https:\/\/www.real.edu.ee\/ajaveeb\/arh142a\/wp-json\/wp\/v2\/posts"}],"about":[{"href":"https:\/\/www.real.edu.ee\/ajaveeb\/arh142a\/wp-json\/wp\/v2\/types\/post"}],"author":[{"embeddable":true,"href":"https:\/\/www.real.edu.ee\/ajaveeb\/arh142a\/wp-json\/wp\/v2\/users\/167"}],"replies":[{"embeddable":true,"href":"https:\/\/www.real.edu.ee\/ajaveeb\/arh142a\/wp-json\/wp\/v2\/comments?post=1889"}],"version-history":[{"count":3,"href":"https:\/\/www.real.edu.ee\/ajaveeb\/arh142a\/wp-json\/wp\/v2\/posts\/1889\/revisions"}],"predecessor-version":[{"id":1901,"href":"https:\/\/www.real.edu.ee\/ajaveeb\/arh142a\/wp-json\/wp\/v2\/posts\/1889\/revisions\/1901"}],"wp:attachment":[{"href":"https:\/\/www.real.edu.ee\/ajaveeb\/arh142a\/wp-json\/wp\/v2\/media?parent=1889"}],"wp:term":[{"taxonomy":"category","embeddable":true,"href":"https:\/\/www.real.edu.ee\/ajaveeb\/arh142a\/wp-json\/wp\/v2\/categories?post=1889"},{"taxonomy":"post_tag","embeddable":true,"href":"https:\/\/www.real.edu.ee\/ajaveeb\/arh142a\/wp-json\/wp\/v2\/tags?post=1889"}],"curies":[{"name":"wp","href":"https:\/\/api.w.org\/{rel}","templated":true}]}}