{"id":1477,"date":"2020-09-04T10:05:18","date_gmt":"2020-09-04T07:05:18","guid":{"rendered":"http:\/\/www.real.edu.ee\/ajaveeb\/142a\/?p=1477"},"modified":"2020-09-14T10:08:29","modified_gmt":"2020-09-14T07:08:29","slug":"1-september","status":"publish","type":"post","link":"https:\/\/www.real.edu.ee\/ajaveeb\/arh142a\/2020\/09\/04\/1-september\/","title":{"rendered":"1. september"},"content":{"rendered":"<p><a href=\"http:\/\/www.real.edu.ee\/ajaveeb\/142a\/files\/2020\/09\/1sept2020.jpg\"><img loading=\"lazy\" decoding=\"async\" class=\"size-medium wp-image-1478 aligncenter\" src=\"http:\/\/www.real.edu.ee\/ajaveeb\/142a\/files\/2020\/09\/1sept2020-300x169.jpg\" alt=\"\" width=\"300\" height=\"169\" srcset=\"https:\/\/www.real.edu.ee\/ajaveeb\/arh142a\/files\/2020\/09\/1sept2020-300x169.jpg 300w, https:\/\/www.real.edu.ee\/ajaveeb\/arh142a\/files\/2020\/09\/1sept2020-768x432.jpg 768w, https:\/\/www.real.edu.ee\/ajaveeb\/arh142a\/files\/2020\/09\/1sept2020.jpg 1000w\" sizes=\"auto, (max-width: 300px) 100vw, 300px\" \/><\/a><\/p>\n<ol>\n<li>september oli p\u00e4ris p\u00f5nev. Olime \u00fcle pika aja j\u00e4lle koolis. N\u00e4gin klassikaaslaseid, s\u00f5pru, \u00f5petajaid ja klasse \u00fcle mitme kuu. Kuidas Mattis k\u00fcll 1.84 pikk on?<\/li>\n<\/ol>\n<p style=\"text-align: right\">Mirtel ja Eero<\/p>\n","protected":false},"excerpt":{"rendered":"<p>september oli p\u00e4ris p\u00f5nev. Olime \u00fcle pika aja j\u00e4lle koolis. N\u00e4gin klassikaaslaseid, s\u00f5pru, \u00f5petajaid ja klasse \u00fcle mitme kuu. Kuidas Mattis k\u00fcll 1.84 pikk on? Mirtel ja Eero<\/p>\n","protected":false},"author":170,"featured_media":0,"comment_status":"closed","ping_status":"open","sticky":false,"template":"","format":"standard","meta":{"footnotes":""},"categories":[3],"tags":[],"class_list":["post-1477","post","type-post","status-publish","format-standard","hentry","category-6-kl"],"_links":{"self":[{"href":"https:\/\/www.real.edu.ee\/ajaveeb\/arh142a\/wp-json\/wp\/v2\/posts\/1477","targetHints":{"allow":["GET"]}}],"collection":[{"href":"https:\/\/www.real.edu.ee\/ajaveeb\/arh142a\/wp-json\/wp\/v2\/posts"}],"about":[{"href":"https:\/\/www.real.edu.ee\/ajaveeb\/arh142a\/wp-json\/wp\/v2\/types\/post"}],"author":[{"embeddable":true,"href":"https:\/\/www.real.edu.ee\/ajaveeb\/arh142a\/wp-json\/wp\/v2\/users\/170"}],"replies":[{"embeddable":true,"href":"https:\/\/www.real.edu.ee\/ajaveeb\/arh142a\/wp-json\/wp\/v2\/comments?post=1477"}],"version-history":[{"count":1,"href":"https:\/\/www.real.edu.ee\/ajaveeb\/arh142a\/wp-json\/wp\/v2\/posts\/1477\/revisions"}],"predecessor-version":[{"id":1479,"href":"https:\/\/www.real.edu.ee\/ajaveeb\/arh142a\/wp-json\/wp\/v2\/posts\/1477\/revisions\/1479"}],"wp:attachment":[{"href":"https:\/\/www.real.edu.ee\/ajaveeb\/arh142a\/wp-json\/wp\/v2\/media?parent=1477"}],"wp:term":[{"taxonomy":"category","embeddable":true,"href":"https:\/\/www.real.edu.ee\/ajaveeb\/arh142a\/wp-json\/wp\/v2\/categories?post=1477"},{"taxonomy":"post_tag","embeddable":true,"href":"https:\/\/www.real.edu.ee\/ajaveeb\/arh142a\/wp-json\/wp\/v2\/tags?post=1477"}],"curies":[{"name":"wp","href":"https:\/\/api.w.org\/{rel}","templated":true}]}}