{"id":36,"date":"2022-12-28T17:13:48","date_gmt":"2022-12-28T17:13:48","guid":{"rendered":"https:\/\/www.real.edu.ee\/ajaveeb\/141c\/?p=36"},"modified":"2022-12-28T17:13:48","modified_gmt":"2022-12-28T17:13:48","slug":"etendus-miks-me-varastasime-auto","status":"publish","type":"post","link":"https:\/\/www.real.edu.ee\/ajaveeb\/arh141c\/2022\/12\/28\/etendus-miks-me-varastasime-auto\/","title":{"rendered":"Etendus &#8220;Miks me varastasime auto&#8221;"},"content":{"rendered":"<p><span style=\"font-weight: 400\">Meie klass klass k\u00e4is 28. septembril vaatamas noorsooteatri etendust ,,Miks me varastasime auto\u2019\u2019. See lugu r\u00e4\u00e4kis kahest noorest, kes tahtsid p\u00f5geneda oma elust ning selle k\u00e4igus varastasid auto ja s\u00f5itsid m\u00f6\u00f6da Saksamaad ringi. Peale elumuutvat kogemust koju tagasi j\u00f5udes oli nende maailmapilt palju muutunud. Klassi arvates oli tegu v\u00e4ga hea etendusega, sai palju nalja ja oli tempokas.<\/span><\/p>\n<p><span style=\"font-weight: 400\">Etenduse tutvustus: <\/span><a href=\"https:\/\/www.eestinoorsooteater.ee\/et\/miks-me-varastasime-auto\"><span style=\"font-weight: 400\">https:\/\/www.eestinoorsooteater.ee\/et\/miks-me-varastasime-auto<\/span><\/a><\/p>\n<p><em><span style=\"font-size: 8pt\">Koostasid Miia Maria Heinvee ja Mariann Koik, piltide autorid: Reet Varik ja Airike Vipp<img loading=\"lazy\" decoding=\"async\" class=\" wp-image-37 aligncenter\" src=\"http:\/\/www.real.edu.ee\/ajaveeb\/141c\/files\/2022\/12\/Miks-me-varastasime-auto-300x143.png\" alt=\"\" width=\"365\" height=\"174\" srcset=\"https:\/\/www.real.edu.ee\/ajaveeb\/arh141c\/files\/2022\/12\/Miks-me-varastasime-auto-300x143.png 300w, https:\/\/www.real.edu.ee\/ajaveeb\/arh141c\/files\/2022\/12\/Miks-me-varastasime-auto-768x366.png 768w, https:\/\/www.real.edu.ee\/ajaveeb\/arh141c\/files\/2022\/12\/Miks-me-varastasime-auto.png 771w\" sizes=\"auto, (max-width: 365px) 100vw, 365px\" \/><\/span><\/em><\/p>\n","protected":false},"excerpt":{"rendered":"<p>Meie klass klass k\u00e4is 28. septembril vaatamas noorsooteatri etendust ,,Miks me varastasime auto\u2019\u2019. See lugu r\u00e4\u00e4kis kahest noorest, kes tahtsid p\u00f5geneda oma elust ning selle k\u00e4igus varastasid auto ja s\u00f5itsid m\u00f6\u00f6da Saksamaad ringi. Peale elumuutvat kogemust koju tagasi j\u00f5udes oli nende maailmapilt palju muutunud. Klassi arvates oli tegu v\u00e4ga hea etendusega, sai palju nalja ja [&hellip;]<\/p>\n","protected":false},"author":175,"featured_media":0,"comment_status":"closed","ping_status":"open","sticky":false,"template":"","format":"standard","meta":{"footnotes":""},"categories":[1],"tags":[],"class_list":["post-36","post","type-post","status-publish","format-standard","hentry","category-uncategorized"],"_links":{"self":[{"href":"https:\/\/www.real.edu.ee\/ajaveeb\/arh141c\/wp-json\/wp\/v2\/posts\/36","targetHints":{"allow":["GET"]}}],"collection":[{"href":"https:\/\/www.real.edu.ee\/ajaveeb\/arh141c\/wp-json\/wp\/v2\/posts"}],"about":[{"href":"https:\/\/www.real.edu.ee\/ajaveeb\/arh141c\/wp-json\/wp\/v2\/types\/post"}],"author":[{"embeddable":true,"href":"https:\/\/www.real.edu.ee\/ajaveeb\/arh141c\/wp-json\/wp\/v2\/users\/175"}],"replies":[{"embeddable":true,"href":"https:\/\/www.real.edu.ee\/ajaveeb\/arh141c\/wp-json\/wp\/v2\/comments?post=36"}],"version-history":[{"count":1,"href":"https:\/\/www.real.edu.ee\/ajaveeb\/arh141c\/wp-json\/wp\/v2\/posts\/36\/revisions"}],"predecessor-version":[{"id":38,"href":"https:\/\/www.real.edu.ee\/ajaveeb\/arh141c\/wp-json\/wp\/v2\/posts\/36\/revisions\/38"}],"wp:attachment":[{"href":"https:\/\/www.real.edu.ee\/ajaveeb\/arh141c\/wp-json\/wp\/v2\/media?parent=36"}],"wp:term":[{"taxonomy":"category","embeddable":true,"href":"https:\/\/www.real.edu.ee\/ajaveeb\/arh141c\/wp-json\/wp\/v2\/categories?post=36"},{"taxonomy":"post_tag","embeddable":true,"href":"https:\/\/www.real.edu.ee\/ajaveeb\/arh141c\/wp-json\/wp\/v2\/tags?post=36"}],"curies":[{"name":"wp","href":"https:\/\/api.w.org\/{rel}","templated":true}]}}