{"id":30,"date":"2022-12-28T16:42:00","date_gmt":"2022-12-28T16:42:00","guid":{"rendered":"https:\/\/www.real.edu.ee\/ajaveeb\/141c\/?p=30"},"modified":"2022-12-28T16:43:15","modified_gmt":"2022-12-28T16:43:15","slug":"spordipaev","status":"publish","type":"post","link":"https:\/\/www.real.edu.ee\/ajaveeb\/arh141c\/2022\/12\/28\/spordipaev\/","title":{"rendered":"Spordip\u00e4ev"},"content":{"rendered":"<p><span style=\"font-weight: 400\">2. septembril\u00a0 toimus Pirita velodroomil spordip\u00e4ev. Orienteerusime velodroomi l\u00e4hedal olevas metsas. Osalisteks oli 7.-12. klassid, v\u00f5isteldi kahes vanuser\u00fchmas: p\u00f5hikool ja g\u00fcmnaasium. Orienteerumine oli huvitav ja pingetpakkuv, v\u00f5istlushimu oli suur. Loodus oli ilus ja ilmataat halastas. Ilm oli karge, aga see meid ei heidutanud. Keegi metsa ei eksinud ja \u00fckski punkt ei j\u00e4\u00e4nud avastamata. P\u00e4rast v\u00f5istluse l\u00f5ppu said k\u00f5ik osalised mekkida neile jagatud maitsvat pirukat ning j\u00e4rada \u00f5una. Meie klassist keegi kahjuks auhinnalist kohta ei v\u00f5itnud, aga see ei viinud meie meelt alla. Osav\u00f5tt on t\u00e4htsam kui v\u00f5it! Meie klassi Kaspar tegi orienteerumisest video, mida saab vaadata: <a href=\"https:\/\/drive.google.com\/drive\/u\/1\/folders\/1vi99Sfuef4jk_MBISjtgUOAkEQk3r6K5?fbclid=IwAR1FjS--CDvFBUNg01gWA-2WnpsX8iqUBa2D4aitXFlSSur2D8YOc1DHRnY\">https:\/\/drive.google.com\/drive\/u\/1\/folders\/1vi99Sfuef4jk_MBISjtgUOAkEQk3r6K5?fbclid=IwAR1FjS&#8211;CDvFBUNg01gWA-2WnpsX8iqUBa2D4aitXFlSSur2D8YOc1DHRnY<\/a>\u00a0<\/span><\/p>\n<p><span style=\"font-size: 8pt\"><em>Koostasid Andreas Leetsar ja Aaron R\u00e4ndla, video: Kaspar Noor<\/em><\/span><\/p>\n","protected":false},"excerpt":{"rendered":"<p>2. septembril\u00a0 toimus Pirita velodroomil spordip\u00e4ev. Orienteerusime velodroomi l\u00e4hedal olevas metsas. Osalisteks oli 7.-12. klassid, v\u00f5isteldi kahes vanuser\u00fchmas: p\u00f5hikool ja g\u00fcmnaasium. Orienteerumine oli huvitav ja pingetpakkuv, v\u00f5istlushimu oli suur. Loodus oli ilus ja ilmataat halastas. Ilm oli karge, aga see meid ei heidutanud. Keegi metsa ei eksinud ja \u00fckski punkt ei j\u00e4\u00e4nud avastamata. P\u00e4rast v\u00f5istluse [&hellip;]<\/p>\n","protected":false},"author":175,"featured_media":0,"comment_status":"closed","ping_status":"open","sticky":false,"template":"","format":"standard","meta":{"footnotes":""},"categories":[2],"tags":[],"class_list":["post-30","post","type-post","status-publish","format-standard","hentry","category-sport"],"_links":{"self":[{"href":"https:\/\/www.real.edu.ee\/ajaveeb\/arh141c\/wp-json\/wp\/v2\/posts\/30","targetHints":{"allow":["GET"]}}],"collection":[{"href":"https:\/\/www.real.edu.ee\/ajaveeb\/arh141c\/wp-json\/wp\/v2\/posts"}],"about":[{"href":"https:\/\/www.real.edu.ee\/ajaveeb\/arh141c\/wp-json\/wp\/v2\/types\/post"}],"author":[{"embeddable":true,"href":"https:\/\/www.real.edu.ee\/ajaveeb\/arh141c\/wp-json\/wp\/v2\/users\/175"}],"replies":[{"embeddable":true,"href":"https:\/\/www.real.edu.ee\/ajaveeb\/arh141c\/wp-json\/wp\/v2\/comments?post=30"}],"version-history":[{"count":2,"href":"https:\/\/www.real.edu.ee\/ajaveeb\/arh141c\/wp-json\/wp\/v2\/posts\/30\/revisions"}],"predecessor-version":[{"id":32,"href":"https:\/\/www.real.edu.ee\/ajaveeb\/arh141c\/wp-json\/wp\/v2\/posts\/30\/revisions\/32"}],"wp:attachment":[{"href":"https:\/\/www.real.edu.ee\/ajaveeb\/arh141c\/wp-json\/wp\/v2\/media?parent=30"}],"wp:term":[{"taxonomy":"category","embeddable":true,"href":"https:\/\/www.real.edu.ee\/ajaveeb\/arh141c\/wp-json\/wp\/v2\/categories?post=30"},{"taxonomy":"post_tag","embeddable":true,"href":"https:\/\/www.real.edu.ee\/ajaveeb\/arh141c\/wp-json\/wp\/v2\/tags?post=30"}],"curies":[{"name":"wp","href":"https:\/\/api.w.org\/{rel}","templated":true}]}}