{"id":834,"date":"2015-05-17T09:57:50","date_gmt":"2015-05-17T06:57:50","guid":{"rendered":"http:\/\/www.real.edu.ee\/ajaveeb\/140b\/?p=834"},"modified":"2015-06-17T10:12:01","modified_gmt":"2015-06-17T07:12:01","slug":"teadusfestivalil-energiakeskuses","status":"publish","type":"post","link":"https:\/\/www.real.edu.ee\/ajaveeb\/arh140b\/2015\/05\/17\/teadusfestivalil-energiakeskuses\/","title":{"rendered":"Teadusfestivalil Energiakeskuses"},"content":{"rendered":"<p>\u00d5pilaste Teadusfestival on pidu k\u00f5ikidele teadushuvilistele lastele ja t\u00e4iskasvanutele. K\u00f5igile, kes huvituvad uurimisest ning on vaimustunud teadusest. Meie oleme!<\/p>\n<p>Meie klassi esindasid festivalil oma eelmise aasta\u00a0 Ohhoo-p\u00e4eva t\u00f6\u00f6ga <strong>&#8220;V\u00e4rviline vesi&#8221; Ingrid ja Kadri-Liis. <\/strong><\/p>\n<p><strong>Suur t\u00e4nu t\u00fcdrukutele ja nende vanematele!<\/strong><\/p>\n\n\t\t<style type=\"text\/css\">\n\t\t\t#gallery-1 {\n\t\t\t\tmargin: auto;\n\t\t\t}\n\t\t\t#gallery-1 .gallery-item {\n\t\t\t\tfloat: left;\n\t\t\t\tmargin-top: 10px;\n\t\t\t\ttext-align: center;\n\t\t\t\twidth: 33%;\n\t\t\t}\n\t\t\t#gallery-1 img {\n\t\t\t\tborder: 2px solid #cfcfcf;\n\t\t\t}\n\t\t\t#gallery-1 .gallery-caption {\n\t\t\t\tmargin-left: 0;\n\t\t\t}\n\t\t\t\/* see gallery_shortcode() in wp-includes\/media.php *\/\n\t\t<\/style>\n\t\t<div id='gallery-1' class='gallery galleryid-834 gallery-columns-3 gallery-size-thumbnail'><dl class='gallery-item'>\n\t\t\t<dt class='gallery-icon portrait'>\n\t\t\t\t<a href='https:\/\/www.real.edu.ee\/ajaveeb\/arh140b\/2015\/05\/17\/teadusfestivalil-energiakeskuses\/img_2526\/'><img loading=\"lazy\" decoding=\"async\" width=\"150\" height=\"150\" src=\"https:\/\/www.real.edu.ee\/ajaveeb\/arh140b\/files\/2015\/06\/IMG_2526-e1434524836932-150x150.jpg\" class=\"attachment-thumbnail size-thumbnail\" alt=\"\" \/><\/a>\n\t\t\t<\/dt><\/dl><dl class='gallery-item'>\n\t\t\t<dt class='gallery-icon landscape'>\n\t\t\t\t<a href='https:\/\/www.real.edu.ee\/ajaveeb\/arh140b\/2015\/05\/17\/teadusfestivalil-energiakeskuses\/img_2529\/'><img loading=\"lazy\" decoding=\"async\" width=\"150\" height=\"150\" src=\"https:\/\/www.real.edu.ee\/ajaveeb\/arh140b\/files\/2015\/06\/IMG_2529-150x150.jpg\" class=\"attachment-thumbnail size-thumbnail\" alt=\"\" \/><\/a>\n\t\t\t<\/dt><\/dl><dl class='gallery-item'>\n\t\t\t<dt class='gallery-icon portrait'>\n\t\t\t\t<a href='https:\/\/www.real.edu.ee\/ajaveeb\/arh140b\/2015\/05\/17\/teadusfestivalil-energiakeskuses\/img_2531\/'><img loading=\"lazy\" decoding=\"async\" width=\"150\" height=\"150\" src=\"https:\/\/www.real.edu.ee\/ajaveeb\/arh140b\/files\/2015\/06\/IMG_2531-e1434524849627-150x150.jpg\" class=\"attachment-thumbnail size-thumbnail\" alt=\"\" \/><\/a>\n\t\t\t<\/dt><\/dl><br style=\"clear: both\" \/><dl class='gallery-item'>\n\t\t\t<dt class='gallery-icon landscape'>\n\t\t\t\t<a href='https:\/\/www.real.edu.ee\/ajaveeb\/arh140b\/2015\/05\/17\/teadusfestivalil-energiakeskuses\/img_2534\/'><img loading=\"lazy\" decoding=\"async\" width=\"150\" height=\"150\" src=\"https:\/\/www.real.edu.ee\/ajaveeb\/arh140b\/files\/2015\/06\/IMG_2534-150x150.jpg\" class=\"attachment-thumbnail size-thumbnail\" alt=\"\" \/><\/a>\n\t\t\t<\/dt><\/dl><dl class='gallery-item'>\n\t\t\t<dt class='gallery-icon portrait'>\n\t\t\t\t<a href='https:\/\/www.real.edu.ee\/ajaveeb\/arh140b\/2015\/05\/17\/teadusfestivalil-energiakeskuses\/img_2535\/'><img loading=\"lazy\" decoding=\"async\" width=\"150\" height=\"150\" src=\"https:\/\/www.real.edu.ee\/ajaveeb\/arh140b\/files\/2015\/06\/IMG_2535-e1434524862234-150x150.jpg\" class=\"attachment-thumbnail size-thumbnail\" alt=\"\" \/><\/a>\n\t\t\t<\/dt><\/dl><dl class='gallery-item'>\n\t\t\t<dt class='gallery-icon landscape'>\n\t\t\t\t<a href='https:\/\/www.real.edu.ee\/ajaveeb\/arh140b\/2015\/05\/17\/teadusfestivalil-energiakeskuses\/img_2545\/'><img loading=\"lazy\" decoding=\"async\" width=\"150\" height=\"150\" src=\"https:\/\/www.real.edu.ee\/ajaveeb\/arh140b\/files\/2015\/06\/IMG_2545-150x150.jpg\" class=\"attachment-thumbnail size-thumbnail\" alt=\"\" \/><\/a>\n\t\t\t<\/dt><\/dl><br style=\"clear: both\" \/><dl class='gallery-item'>\n\t\t\t<dt class='gallery-icon landscape'>\n\t\t\t\t<a href='https:\/\/www.real.edu.ee\/ajaveeb\/arh140b\/2015\/05\/17\/teadusfestivalil-energiakeskuses\/img_2546\/'><img loading=\"lazy\" decoding=\"async\" width=\"150\" height=\"150\" src=\"https:\/\/www.real.edu.ee\/ajaveeb\/arh140b\/files\/2015\/06\/IMG_2546-150x150.jpg\" class=\"attachment-thumbnail size-thumbnail\" alt=\"\" \/><\/a>\n\t\t\t<\/dt><\/dl><dl class='gallery-item'>\n\t\t\t<dt class='gallery-icon landscape'>\n\t\t\t\t<a href='https:\/\/www.real.edu.ee\/ajaveeb\/arh140b\/2015\/05\/17\/teadusfestivalil-energiakeskuses\/img_2547\/'><img loading=\"lazy\" decoding=\"async\" width=\"150\" height=\"150\" src=\"https:\/\/www.real.edu.ee\/ajaveeb\/arh140b\/files\/2015\/06\/IMG_2547-150x150.jpg\" class=\"attachment-thumbnail size-thumbnail\" alt=\"\" \/><\/a>\n\t\t\t<\/dt><\/dl><dl class='gallery-item'>\n\t\t\t<dt class='gallery-icon landscape'>\n\t\t\t\t<a href='https:\/\/www.real.edu.ee\/ajaveeb\/arh140b\/2015\/05\/17\/teadusfestivalil-energiakeskuses\/img_2548\/'><img loading=\"lazy\" decoding=\"async\" width=\"150\" height=\"150\" src=\"https:\/\/www.real.edu.ee\/ajaveeb\/arh140b\/files\/2015\/06\/IMG_2548-150x150.jpg\" class=\"attachment-thumbnail size-thumbnail\" alt=\"\" \/><\/a>\n\t\t\t<\/dt><\/dl><br style=\"clear: both\" \/>\n\t\t<\/div>\n\n","protected":false},"excerpt":{"rendered":"<p>\u00d5pilaste Teadusfestival on pidu k\u00f5ikidele teadushuvilistele lastele ja t\u00e4iskasvanutele. K\u00f5igile, kes huvituvad uurimisest ning on vaimustunud teadusest. Meie oleme! Meie klassi esindasid festivalil oma eelmise aasta\u00a0 Ohhoo-p\u00e4eva t\u00f6\u00f6ga &#8220;V\u00e4rviline vesi&#8221; Ingrid ja Kadri-Liis. Suur t\u00e4nu t\u00fcdrukutele ja nende vanematele!<\/p>\n","protected":false},"author":71,"featured_media":0,"comment_status":"open","ping_status":"open","sticky":false,"template":"","format":"standard","meta":{"footnotes":""},"categories":[1],"tags":[],"class_list":["post-834","post","type-post","status-publish","format-standard","hentry","category-maaratlemata"],"_links":{"self":[{"href":"https:\/\/www.real.edu.ee\/ajaveeb\/arh140b\/wp-json\/wp\/v2\/posts\/834","targetHints":{"allow":["GET"]}}],"collection":[{"href":"https:\/\/www.real.edu.ee\/ajaveeb\/arh140b\/wp-json\/wp\/v2\/posts"}],"about":[{"href":"https:\/\/www.real.edu.ee\/ajaveeb\/arh140b\/wp-json\/wp\/v2\/types\/post"}],"author":[{"embeddable":true,"href":"https:\/\/www.real.edu.ee\/ajaveeb\/arh140b\/wp-json\/wp\/v2\/users\/71"}],"replies":[{"embeddable":true,"href":"https:\/\/www.real.edu.ee\/ajaveeb\/arh140b\/wp-json\/wp\/v2\/comments?post=834"}],"version-history":[{"count":1,"href":"https:\/\/www.real.edu.ee\/ajaveeb\/arh140b\/wp-json\/wp\/v2\/posts\/834\/revisions"}],"predecessor-version":[{"id":845,"href":"https:\/\/www.real.edu.ee\/ajaveeb\/arh140b\/wp-json\/wp\/v2\/posts\/834\/revisions\/845"}],"wp:attachment":[{"href":"https:\/\/www.real.edu.ee\/ajaveeb\/arh140b\/wp-json\/wp\/v2\/media?parent=834"}],"wp:term":[{"taxonomy":"category","embeddable":true,"href":"https:\/\/www.real.edu.ee\/ajaveeb\/arh140b\/wp-json\/wp\/v2\/categories?post=834"},{"taxonomy":"post_tag","embeddable":true,"href":"https:\/\/www.real.edu.ee\/ajaveeb\/arh140b\/wp-json\/wp\/v2\/tags?post=834"}],"curies":[{"name":"wp","href":"https:\/\/api.w.org\/{rel}","templated":true}]}}