{"id":820,"date":"2015-06-16T11:33:21","date_gmt":"2015-06-16T08:33:21","guid":{"rendered":"http:\/\/www.real.edu.ee\/ajaveeb\/140b\/?p=820"},"modified":"2015-06-16T15:34:23","modified_gmt":"2015-06-16T12:34:23","slug":"suvi-raamatuga-2015","status":"publish","type":"post","link":"https:\/\/www.real.edu.ee\/ajaveeb\/arh140b\/2015\/06\/16\/suvi-raamatuga-2015\/","title":{"rendered":"Suvi raamatuga 2015"},"content":{"rendered":"\n\t\t<style type=\"text\/css\">\n\t\t\t#gallery-1 {\n\t\t\t\tmargin: auto;\n\t\t\t}\n\t\t\t#gallery-1 .gallery-item {\n\t\t\t\tfloat: left;\n\t\t\t\tmargin-top: 10px;\n\t\t\t\ttext-align: center;\n\t\t\t\twidth: 100%;\n\t\t\t}\n\t\t\t#gallery-1 img {\n\t\t\t\tborder: 2px solid #cfcfcf;\n\t\t\t}\n\t\t\t#gallery-1 .gallery-caption {\n\t\t\t\tmargin-left: 0;\n\t\t\t}\n\t\t\t\/* see gallery_shortcode() in wp-includes\/media.php *\/\n\t\t<\/style>\n\t\t<div id='gallery-1' class='gallery galleryid-820 gallery-columns-1 gallery-size-medium'><dl class='gallery-item'>\n\t\t\t<dt class='gallery-icon portrait'>\n\t\t\t\t<a href='https:\/\/www.real.edu.ee\/ajaveeb\/arh140b\/2015\/06\/16\/suvi-raamatuga-2015\/suvi_raamatuga_plakat_15\/'><img loading=\"lazy\" decoding=\"async\" width=\"212\" height=\"300\" src=\"https:\/\/www.real.edu.ee\/ajaveeb\/arh140b\/files\/2015\/06\/Suvi_raamatuga_plakat_15-212x300.jpg\" class=\"attachment-medium size-medium\" alt=\"\" srcset=\"https:\/\/www.real.edu.ee\/ajaveeb\/arh140b\/files\/2015\/06\/Suvi_raamatuga_plakat_15-212x300.jpg 212w, https:\/\/www.real.edu.ee\/ajaveeb\/arh140b\/files\/2015\/06\/Suvi_raamatuga_plakat_15.jpg 608w\" sizes=\"auto, (max-width: 212px) 100vw, 212px\" \/><\/a>\n\t\t\t<\/dt><\/dl><br style=\"clear: both\" \/>\n\t\t<\/div>\n\n<p>Tallinna Keskraamatukogu korraldab juba 13. korda lastele suvist lugemisprogrammi \u201eSuvi raamatuga\u201c.<br \/>\nProgramm kestab 1. juunist kuni 1. augustini.<\/p>\n<p>Lugemisprogrammi on raamatukoguhoidjad valinud v\u00e4lja 25 uuemat lasteraamatut. Osalejad saavad endale lugemispassi, kus k\u00f5ik need raamatud on ka kirjas.<\/p>\n<p>Suvise lugemisprogrammiga saavad liituda Tallinna Keskraamatukogu lugejad. Kes veel ei ole raamatukogus lugeja, saab <a href=\"https:\/\/kirjad.edu.ee\/owa\/redir.aspx?SURL=j9AyR1EMIum0C5nLLoWeYp3MJp8aE_ksG4i35LT0coFWrxIqRnbSCGgAdAB0AHAAOgAvAC8AdwB3AHcALgBrAGUAcwBrAHIAYQBhAG0AYQB0AHUAawBvAGcAdQAuAGUAZQAvAGwAYQBzAHQAZQBsAGUAaAB0AC8AZQBlAHMAdABpAC8AbAB1AGcAZQBqAGEAawBzAC8A&amp;URL=http%3a%2f%2fwww.keskraamatukogu.ee%2flasteleht%2feesti%2flugejaks%2f\" target=\"_blank\"> registreeruda raamatukogus kohapeal<\/a>.<\/p>\n<p>Iga l\u00e4biloetud raamatu kohta tuleb lapsel joonistada A4-formaadis pilt ja t\u00e4ita k\u00fcsimustik, mille vastu antakse passi kleebis. 1. augustiks kogutud 10 kleebist tagavad sissep\u00e4\u00e4su l\u00f5pu\u00fcritusele.<\/p>\n<p>Vaata infot siit <a href=\"http:\/\/www.keskraamatukogu.ee\/?id=14460\">http:\/\/www.keskraamatukogu.ee\/?id=14460<\/a><\/p>\n","protected":false},"excerpt":{"rendered":"<p>Tallinna Keskraamatukogu korraldab juba 13. korda lastele suvist lugemisprogrammi \u201eSuvi raamatuga\u201c. Programm kestab 1. juunist kuni 1. augustini. Lugemisprogrammi on raamatukoguhoidjad valinud v\u00e4lja 25 uuemat lasteraamatut. Osalejad saavad endale lugemispassi, kus k\u00f5ik need raamatud on ka kirjas. Suvise lugemisprogrammiga saavad liituda Tallinna Keskraamatukogu lugejad. Kes veel ei ole raamatukogus lugeja, saab registreeruda raamatukogus kohapeal. Iga [&hellip;]<\/p>\n","protected":false},"author":71,"featured_media":0,"comment_status":"open","ping_status":"open","sticky":false,"template":"","format":"standard","meta":{"footnotes":""},"categories":[3],"tags":[],"class_list":["post-820","post","type-post","status-publish","format-standard","hentry","category-2-klass"],"_links":{"self":[{"href":"https:\/\/www.real.edu.ee\/ajaveeb\/arh140b\/wp-json\/wp\/v2\/posts\/820","targetHints":{"allow":["GET"]}}],"collection":[{"href":"https:\/\/www.real.edu.ee\/ajaveeb\/arh140b\/wp-json\/wp\/v2\/posts"}],"about":[{"href":"https:\/\/www.real.edu.ee\/ajaveeb\/arh140b\/wp-json\/wp\/v2\/types\/post"}],"author":[{"embeddable":true,"href":"https:\/\/www.real.edu.ee\/ajaveeb\/arh140b\/wp-json\/wp\/v2\/users\/71"}],"replies":[{"embeddable":true,"href":"https:\/\/www.real.edu.ee\/ajaveeb\/arh140b\/wp-json\/wp\/v2\/comments?post=820"}],"version-history":[{"count":6,"href":"https:\/\/www.real.edu.ee\/ajaveeb\/arh140b\/wp-json\/wp\/v2\/posts\/820\/revisions"}],"predecessor-version":[{"id":827,"href":"https:\/\/www.real.edu.ee\/ajaveeb\/arh140b\/wp-json\/wp\/v2\/posts\/820\/revisions\/827"}],"wp:attachment":[{"href":"https:\/\/www.real.edu.ee\/ajaveeb\/arh140b\/wp-json\/wp\/v2\/media?parent=820"}],"wp:term":[{"taxonomy":"category","embeddable":true,"href":"https:\/\/www.real.edu.ee\/ajaveeb\/arh140b\/wp-json\/wp\/v2\/categories?post=820"},{"taxonomy":"post_tag","embeddable":true,"href":"https:\/\/www.real.edu.ee\/ajaveeb\/arh140b\/wp-json\/wp\/v2\/tags?post=820"}],"curies":[{"name":"wp","href":"https:\/\/api.w.org\/{rel}","templated":true}]}}