{"id":493,"date":"2014-10-15T20:49:54","date_gmt":"2014-10-15T17:49:54","guid":{"rendered":"http:\/\/www.real.edu.ee\/ajaveeb\/140b\/?p=493"},"modified":"2014-10-21T20:53:37","modified_gmt":"2014-10-21T17:53:37","slug":"seene-varjus","status":"publish","type":"post","link":"https:\/\/www.real.edu.ee\/ajaveeb\/arh140b\/2014\/10\/15\/seene-varjus\/","title":{"rendered":"&#8220;Seene varjus&#8221;"},"content":{"rendered":"<p>N\u00e4idendi &#8220;Seene varjus&#8221; lavastamise ja esitamisega oli teise klassi \u00f5pilastele hea v\u00f5imalus \u00f5ppida teistega arvestamist, kuulamist, oma m\u00f5tete v\u00e4ljendamise oskust, lavalist liikumist ja veel suurt hulka muid h\u00e4id oskusi.<\/p>\n<p>Esinesime Mustika saalis Reaalkooli ja Kesklinna P\u00f5hikooli 1. klasside lastele.<\/p>\n\n\t\t<style type=\"text\/css\">\n\t\t\t#gallery-1 {\n\t\t\t\tmargin: auto;\n\t\t\t}\n\t\t\t#gallery-1 .gallery-item {\n\t\t\t\tfloat: left;\n\t\t\t\tmargin-top: 10px;\n\t\t\t\ttext-align: center;\n\t\t\t\twidth: 50%;\n\t\t\t}\n\t\t\t#gallery-1 img {\n\t\t\t\tborder: 2px solid #cfcfcf;\n\t\t\t}\n\t\t\t#gallery-1 .gallery-caption {\n\t\t\t\tmargin-left: 0;\n\t\t\t}\n\t\t\t\/* see gallery_shortcode() in wp-includes\/media.php *\/\n\t\t<\/style>\n\t\t<div id='gallery-1' class='gallery galleryid-493 gallery-columns-2 gallery-size-thumbnail'><dl class='gallery-item'>\n\t\t\t<dt class='gallery-icon landscape'>\n\t\t\t\t<a href='https:\/\/www.real.edu.ee\/ajaveeb\/arh140b\/2014\/10\/15\/seene-varjus\/img_2142\/'><img loading=\"lazy\" decoding=\"async\" width=\"150\" height=\"150\" src=\"https:\/\/www.real.edu.ee\/ajaveeb\/arh140b\/files\/2014\/10\/IMG_2142-150x150.jpg\" class=\"attachment-thumbnail size-thumbnail\" alt=\"\" \/><\/a>\n\t\t\t<\/dt><\/dl><dl class='gallery-item'>\n\t\t\t<dt class='gallery-icon landscape'>\n\t\t\t\t<a href='https:\/\/www.real.edu.ee\/ajaveeb\/arh140b\/2014\/10\/15\/seene-varjus\/img_2149\/'><img loading=\"lazy\" decoding=\"async\" width=\"150\" height=\"150\" src=\"https:\/\/www.real.edu.ee\/ajaveeb\/arh140b\/files\/2014\/10\/IMG_2149-150x150.jpg\" class=\"attachment-thumbnail size-thumbnail\" alt=\"\" \/><\/a>\n\t\t\t<\/dt><\/dl><br style=\"clear: both\" \/>\n\t\t<\/div>\n\n<p><strong>Head tegijad ja vaatajad, kas \u00f5nnestus?<\/strong><\/p>\n","protected":false},"excerpt":{"rendered":"<p>N\u00e4idendi &#8220;Seene varjus&#8221; lavastamise ja esitamisega oli teise klassi \u00f5pilastele hea v\u00f5imalus \u00f5ppida teistega arvestamist, kuulamist, oma m\u00f5tete v\u00e4ljendamise oskust, lavalist liikumist ja veel suurt hulka muid h\u00e4id oskusi. Esinesime Mustika saalis Reaalkooli ja Kesklinna P\u00f5hikooli 1. klasside lastele. Head tegijad ja vaatajad, kas \u00f5nnestus?<\/p>\n","protected":false},"author":71,"featured_media":0,"comment_status":"open","ping_status":"open","sticky":false,"template":"","format":"standard","meta":{"footnotes":""},"categories":[1],"tags":[],"class_list":["post-493","post","type-post","status-publish","format-standard","hentry","category-maaratlemata"],"_links":{"self":[{"href":"https:\/\/www.real.edu.ee\/ajaveeb\/arh140b\/wp-json\/wp\/v2\/posts\/493","targetHints":{"allow":["GET"]}}],"collection":[{"href":"https:\/\/www.real.edu.ee\/ajaveeb\/arh140b\/wp-json\/wp\/v2\/posts"}],"about":[{"href":"https:\/\/www.real.edu.ee\/ajaveeb\/arh140b\/wp-json\/wp\/v2\/types\/post"}],"author":[{"embeddable":true,"href":"https:\/\/www.real.edu.ee\/ajaveeb\/arh140b\/wp-json\/wp\/v2\/users\/71"}],"replies":[{"embeddable":true,"href":"https:\/\/www.real.edu.ee\/ajaveeb\/arh140b\/wp-json\/wp\/v2\/comments?post=493"}],"version-history":[{"count":7,"href":"https:\/\/www.real.edu.ee\/ajaveeb\/arh140b\/wp-json\/wp\/v2\/posts\/493\/revisions"}],"predecessor-version":[{"id":568,"href":"https:\/\/www.real.edu.ee\/ajaveeb\/arh140b\/wp-json\/wp\/v2\/posts\/493\/revisions\/568"}],"wp:attachment":[{"href":"https:\/\/www.real.edu.ee\/ajaveeb\/arh140b\/wp-json\/wp\/v2\/media?parent=493"}],"wp:term":[{"taxonomy":"category","embeddable":true,"href":"https:\/\/www.real.edu.ee\/ajaveeb\/arh140b\/wp-json\/wp\/v2\/categories?post=493"},{"taxonomy":"post_tag","embeddable":true,"href":"https:\/\/www.real.edu.ee\/ajaveeb\/arh140b\/wp-json\/wp\/v2\/tags?post=493"}],"curies":[{"name":"wp","href":"https:\/\/api.w.org\/{rel}","templated":true}]}}