{"id":3507,"date":"2022-06-15T18:37:42","date_gmt":"2022-06-15T15:37:42","guid":{"rendered":"https:\/\/www.real.edu.ee\/ajaveeb\/140b\/?p=3507"},"modified":"2022-06-15T18:37:42","modified_gmt":"2022-06-15T15:37:42","slug":"siselinna-kalmistu-oppekaik","status":"publish","type":"post","link":"https:\/\/www.real.edu.ee\/ajaveeb\/arh140b\/2022\/06\/15\/siselinna-kalmistu-oppekaik\/","title":{"rendered":"Siselinna kalmistu \u00f5ppek\u00e4ik"},"content":{"rendered":"<p><span style=\"font-weight: 400\">20.aprillil k\u00e4isime \u00f5petaja Heli Ahunaga ajaloo tunni raames Siselinna kalmistul. Ringk\u00e4iku alustasime juba hommikul kl 8.00 Herne t\u00e4nava v\u00e4rava ees. Algul jutustas \u00f5petaja meile \u00fcldisest kalmistu ajaloost ja erinevatest kalmistu osadest. Peale seda k\u00f5ndisime m\u00f6\u00f6da kalmistut ja k\u00e4isime tuntumate inimeste ja m\u00e4lestusm\u00e4rkide juures, mille kohta \u00f5petajal oli alati midagi jutustada. L\u00f5puks j\u00f5udsime Pronkss\u00f5duri juurde, kus meile r\u00e4\u00e4giti, miks see on osadele t\u00e4htis ja kuidas see on seotud Eesti ajalooga, kuna l\u00e4henemas oli 9. mai. Oma ringk\u00e4igu l\u00f5petasime Harald Triegeli m\u00e4lestusm\u00e4rgi juures ja panime k\u00fc\u00fcnlad tema hauale.\u00a0\u00a0<\/span><\/p>\n<p>Uku<\/p>\n","protected":false},"excerpt":{"rendered":"<p>20.aprillil k\u00e4isime \u00f5petaja Heli Ahunaga ajaloo tunni raames Siselinna kalmistul. Ringk\u00e4iku alustasime juba hommikul kl 8.00 Herne t\u00e4nava v\u00e4rava ees. Algul jutustas \u00f5petaja meile \u00fcldisest kalmistu ajaloost ja erinevatest kalmistu osadest. Peale seda k\u00f5ndisime m\u00f6\u00f6da kalmistut ja k\u00e4isime tuntumate inimeste ja m\u00e4lestusm\u00e4rkide juures, mille kohta \u00f5petajal oli alati midagi jutustada. L\u00f5puks j\u00f5udsime Pronkss\u00f5duri juurde, kus [&hellip;]<\/p>\n","protected":false},"author":115,"featured_media":0,"comment_status":"closed","ping_status":"open","sticky":false,"template":"","format":"standard","meta":{"footnotes":""},"categories":[9],"tags":[],"class_list":["post-3507","post","type-post","status-publish","format-standard","hentry","category-9-klass"],"_links":{"self":[{"href":"https:\/\/www.real.edu.ee\/ajaveeb\/arh140b\/wp-json\/wp\/v2\/posts\/3507","targetHints":{"allow":["GET"]}}],"collection":[{"href":"https:\/\/www.real.edu.ee\/ajaveeb\/arh140b\/wp-json\/wp\/v2\/posts"}],"about":[{"href":"https:\/\/www.real.edu.ee\/ajaveeb\/arh140b\/wp-json\/wp\/v2\/types\/post"}],"author":[{"embeddable":true,"href":"https:\/\/www.real.edu.ee\/ajaveeb\/arh140b\/wp-json\/wp\/v2\/users\/115"}],"replies":[{"embeddable":true,"href":"https:\/\/www.real.edu.ee\/ajaveeb\/arh140b\/wp-json\/wp\/v2\/comments?post=3507"}],"version-history":[{"count":1,"href":"https:\/\/www.real.edu.ee\/ajaveeb\/arh140b\/wp-json\/wp\/v2\/posts\/3507\/revisions"}],"predecessor-version":[{"id":3508,"href":"https:\/\/www.real.edu.ee\/ajaveeb\/arh140b\/wp-json\/wp\/v2\/posts\/3507\/revisions\/3508"}],"wp:attachment":[{"href":"https:\/\/www.real.edu.ee\/ajaveeb\/arh140b\/wp-json\/wp\/v2\/media?parent=3507"}],"wp:term":[{"taxonomy":"category","embeddable":true,"href":"https:\/\/www.real.edu.ee\/ajaveeb\/arh140b\/wp-json\/wp\/v2\/categories?post=3507"},{"taxonomy":"post_tag","embeddable":true,"href":"https:\/\/www.real.edu.ee\/ajaveeb\/arh140b\/wp-json\/wp\/v2\/tags?post=3507"}],"curies":[{"name":"wp","href":"https:\/\/api.w.org\/{rel}","templated":true}]}}