{"id":3504,"date":"2022-05-11T17:45:05","date_gmt":"2022-05-11T14:45:05","guid":{"rendered":"https:\/\/www.real.edu.ee\/ajaveeb\/140b\/?p=3504"},"modified":"2022-06-10T18:00:48","modified_gmt":"2022-06-10T15:00:48","slug":"riigikogu-kulastus","status":"publish","type":"post","link":"https:\/\/www.real.edu.ee\/ajaveeb\/arh140b\/2022\/05\/11\/riigikogu-kulastus\/","title":{"rendered":"Riigikogu k\u00fclastus"},"content":{"rendered":"<p>11.mail k\u00e4isime klassiga \u00fchiskonna\u00f5petuse tundide raames riigikogus. See toimus tundidev\u00e4lisest ajast, mis tekitas algul veidi rahulolemaust, kuid usun, et \u00f5ppek\u00e4ik tasus ennast \u00e4ra.<\/p>\n<p>Alustuseks tehti meile istungisaalis \u00fclevaade riigikogu t\u00f6\u00f6st ja \u00fcldiselt riigivalitsemisest. Saime teada huvitavaid juhtumeid ka ajaloost.<\/p>\n<p>Peale seda liikusime komisjoniruumi, kus tegime \u00e4sja omandatud teadmiste peale v\u00e4ikese viktoriini, kaasa saime Eestit tutvustava voldiku.<\/p>\n<p>Plaanis oli ka kohtumine riigikoguliikmega, mis oleks \u00e4\u00e4re pealt \u00e4ra j\u00e4\u00e4nud, kui meie giid ei oleks koridori pealt Hanno Pevkurit kinni p\u00fc\u00fcdnud. Saime temalt k\u00fcsimusi k\u00fcsida, nagu kui pikad on t\u00f6\u00f6p\u00e4evad ja kuidas j\u00e4rgmisteks valimisteks juba valmistutakse. Ta jagas meeldej\u00e4\u00e4vamaid seiku riigikogust, n\u00e4iteks kuidas oli olla 36-tunnisel istungil.<\/p>\n<p>Oli tore ja meeldej\u00e4\u00e4v \u00f5ppek\u00e4ik, mille tegi veel paremaks see, et j\u00e4rgmisel hommikul j\u00e4id \u00fchiskonna tunnid \u00e4ra.<\/p>\n<p>Helena<\/p>\n","protected":false},"excerpt":{"rendered":"<p>11.mail k\u00e4isime klassiga \u00fchiskonna\u00f5petuse tundide raames riigikogus. See toimus tundidev\u00e4lisest ajast, mis tekitas algul veidi rahulolemaust, kuid usun, et \u00f5ppek\u00e4ik tasus ennast \u00e4ra. Alustuseks tehti meile istungisaalis \u00fclevaade riigikogu t\u00f6\u00f6st ja \u00fcldiselt riigivalitsemisest. Saime teada huvitavaid juhtumeid ka ajaloost. Peale seda liikusime komisjoniruumi, kus tegime \u00e4sja omandatud teadmiste peale v\u00e4ikese viktoriini, kaasa saime Eestit tutvustava [&hellip;]<\/p>\n","protected":false},"author":115,"featured_media":0,"comment_status":"closed","ping_status":"open","sticky":false,"template":"","format":"standard","meta":{"footnotes":""},"categories":[9],"tags":[],"class_list":["post-3504","post","type-post","status-publish","format-standard","hentry","category-9-klass"],"_links":{"self":[{"href":"https:\/\/www.real.edu.ee\/ajaveeb\/arh140b\/wp-json\/wp\/v2\/posts\/3504","targetHints":{"allow":["GET"]}}],"collection":[{"href":"https:\/\/www.real.edu.ee\/ajaveeb\/arh140b\/wp-json\/wp\/v2\/posts"}],"about":[{"href":"https:\/\/www.real.edu.ee\/ajaveeb\/arh140b\/wp-json\/wp\/v2\/types\/post"}],"author":[{"embeddable":true,"href":"https:\/\/www.real.edu.ee\/ajaveeb\/arh140b\/wp-json\/wp\/v2\/users\/115"}],"replies":[{"embeddable":true,"href":"https:\/\/www.real.edu.ee\/ajaveeb\/arh140b\/wp-json\/wp\/v2\/comments?post=3504"}],"version-history":[{"count":2,"href":"https:\/\/www.real.edu.ee\/ajaveeb\/arh140b\/wp-json\/wp\/v2\/posts\/3504\/revisions"}],"predecessor-version":[{"id":3506,"href":"https:\/\/www.real.edu.ee\/ajaveeb\/arh140b\/wp-json\/wp\/v2\/posts\/3504\/revisions\/3506"}],"wp:attachment":[{"href":"https:\/\/www.real.edu.ee\/ajaveeb\/arh140b\/wp-json\/wp\/v2\/media?parent=3504"}],"wp:term":[{"taxonomy":"category","embeddable":true,"href":"https:\/\/www.real.edu.ee\/ajaveeb\/arh140b\/wp-json\/wp\/v2\/categories?post=3504"},{"taxonomy":"post_tag","embeddable":true,"href":"https:\/\/www.real.edu.ee\/ajaveeb\/arh140b\/wp-json\/wp\/v2\/tags?post=3504"}],"curies":[{"name":"wp","href":"https:\/\/api.w.org\/{rel}","templated":true}]}}