{"id":34,"date":"2013-11-21T15:35:26","date_gmt":"2013-11-21T13:35:26","guid":{"rendered":"http:\/\/www.real.edu.ee\/ajaveeb\/140b\/?p=34"},"modified":"2014-01-03T15:35:56","modified_gmt":"2014-01-03T13:35:56","slug":"laske-mardid-kadrid-sisse-tulla","status":"publish","type":"post","link":"https:\/\/www.real.edu.ee\/ajaveeb\/arh140b\/2013\/11\/21\/laske-mardid-kadrid-sisse-tulla\/","title":{"rendered":"Laske mardid-kadrid sisse tulla!"},"content":{"rendered":"<p>Mardi -ja kadrip\u00e4eva t\u00e4histasime kohe mitmel korral- mardi-kadripeol ning suurtele koolikaaslastele santi jooksmas k\u00e4ies. Pidu oli v\u00e4ga tore ning ka 12b klass v\u00f5ttis meid r\u00f5\u00f5muga vastu, kuulas laule, m\u00f5istatas m\u00f5istatusi ja kuulas ennustusi tulevikuks. \u00c4ra minnes saime kotiga maiustusigi kaasa!<\/p>\n<p>&nbsp;<\/p>\n\n\t\t<style type=\"text\/css\">\n\t\t\t#gallery-1 {\n\t\t\t\tmargin: auto;\n\t\t\t}\n\t\t\t#gallery-1 .gallery-item {\n\t\t\t\tfloat: left;\n\t\t\t\tmargin-top: 10px;\n\t\t\t\ttext-align: center;\n\t\t\t\twidth: 33%;\n\t\t\t}\n\t\t\t#gallery-1 img {\n\t\t\t\tborder: 2px solid #cfcfcf;\n\t\t\t}\n\t\t\t#gallery-1 .gallery-caption {\n\t\t\t\tmargin-left: 0;\n\t\t\t}\n\t\t\t\/* see gallery_shortcode() in wp-includes\/media.php *\/\n\t\t<\/style>\n\t\t<div id='gallery-1' class='gallery galleryid-34 gallery-columns-3 gallery-size-thumbnail'><dl class='gallery-item'>\n\t\t\t<dt class='gallery-icon landscape'>\n\t\t\t\t<a href='https:\/\/www.real.edu.ee\/ajaveeb\/arh140b\/2013\/11\/21\/laske-mardid-kadrid-sisse-tulla\/attachment\/4032\/'><img loading=\"lazy\" decoding=\"async\" width=\"150\" height=\"150\" src=\"https:\/\/www.real.edu.ee\/ajaveeb\/arh140b\/files\/2014\/01\/4032-150x150.jpg\" class=\"attachment-thumbnail size-thumbnail\" alt=\"\" \/><\/a>\n\t\t\t<\/dt><\/dl><dl class='gallery-item'>\n\t\t\t<dt class='gallery-icon landscape'>\n\t\t\t\t<a href='https:\/\/www.real.edu.ee\/ajaveeb\/arh140b\/2013\/11\/21\/laske-mardid-kadrid-sisse-tulla\/attachment\/4035\/'><img loading=\"lazy\" decoding=\"async\" width=\"150\" height=\"150\" src=\"https:\/\/www.real.edu.ee\/ajaveeb\/arh140b\/files\/2014\/01\/4035-150x150.jpg\" class=\"attachment-thumbnail size-thumbnail\" alt=\"\" \/><\/a>\n\t\t\t<\/dt><\/dl><dl class='gallery-item'>\n\t\t\t<dt class='gallery-icon landscape'>\n\t\t\t\t<a href='https:\/\/www.real.edu.ee\/ajaveeb\/arh140b\/2013\/11\/21\/laske-mardid-kadrid-sisse-tulla\/attachment\/4036\/'><img loading=\"lazy\" decoding=\"async\" width=\"150\" height=\"150\" src=\"https:\/\/www.real.edu.ee\/ajaveeb\/arh140b\/files\/2014\/01\/4036-150x150.jpg\" class=\"attachment-thumbnail size-thumbnail\" alt=\"\" \/><\/a>\n\t\t\t<\/dt><\/dl><br style=\"clear: both\" \/>\n\t\t<\/div>\n\n","protected":false},"excerpt":{"rendered":"<p>Mardi -ja kadrip\u00e4eva t\u00e4histasime kohe mitmel korral- mardi-kadripeol ning suurtele koolikaaslastele santi jooksmas k\u00e4ies. Pidu oli v\u00e4ga tore ning ka 12b klass v\u00f5ttis meid r\u00f5\u00f5muga vastu, kuulas laule, m\u00f5istatas m\u00f5istatusi ja kuulas ennustusi tulevikuks. \u00c4ra minnes saime kotiga maiustusigi kaasa! &nbsp;<\/p>\n","protected":false},"author":71,"featured_media":0,"comment_status":"open","ping_status":"open","sticky":false,"template":"","format":"standard","meta":{"footnotes":""},"categories":[1],"tags":[],"class_list":["post-34","post","type-post","status-publish","format-standard","hentry","category-maaratlemata"],"_links":{"self":[{"href":"https:\/\/www.real.edu.ee\/ajaveeb\/arh140b\/wp-json\/wp\/v2\/posts\/34","targetHints":{"allow":["GET"]}}],"collection":[{"href":"https:\/\/www.real.edu.ee\/ajaveeb\/arh140b\/wp-json\/wp\/v2\/posts"}],"about":[{"href":"https:\/\/www.real.edu.ee\/ajaveeb\/arh140b\/wp-json\/wp\/v2\/types\/post"}],"author":[{"embeddable":true,"href":"https:\/\/www.real.edu.ee\/ajaveeb\/arh140b\/wp-json\/wp\/v2\/users\/71"}],"replies":[{"embeddable":true,"href":"https:\/\/www.real.edu.ee\/ajaveeb\/arh140b\/wp-json\/wp\/v2\/comments?post=34"}],"version-history":[{"count":5,"href":"https:\/\/www.real.edu.ee\/ajaveeb\/arh140b\/wp-json\/wp\/v2\/posts\/34\/revisions"}],"predecessor-version":[{"id":150,"href":"https:\/\/www.real.edu.ee\/ajaveeb\/arh140b\/wp-json\/wp\/v2\/posts\/34\/revisions\/150"}],"wp:attachment":[{"href":"https:\/\/www.real.edu.ee\/ajaveeb\/arh140b\/wp-json\/wp\/v2\/media?parent=34"}],"wp:term":[{"taxonomy":"category","embeddable":true,"href":"https:\/\/www.real.edu.ee\/ajaveeb\/arh140b\/wp-json\/wp\/v2\/categories?post=34"},{"taxonomy":"post_tag","embeddable":true,"href":"https:\/\/www.real.edu.ee\/ajaveeb\/arh140b\/wp-json\/wp\/v2\/tags?post=34"}],"curies":[{"name":"wp","href":"https:\/\/api.w.org\/{rel}","templated":true}]}}