{"id":3342,"date":"2020-05-30T22:20:57","date_gmt":"2020-05-30T19:20:57","guid":{"rendered":"http:\/\/www.real.edu.ee\/ajaveeb\/140b\/?p=3342"},"modified":"2020-06-03T22:37:03","modified_gmt":"2020-06-03T19:37:03","slug":"intervjuu-opetajatega","status":"publish","type":"post","link":"https:\/\/www.real.edu.ee\/ajaveeb\/arh140b\/2020\/05\/30\/intervjuu-opetajatega\/","title":{"rendered":"Intervjuu \u00f5petajatega"},"content":{"rendered":"<h4>Kas distants\u00f5ppel olemine on \u00f5petajate jaoks raskem v\u00f5i lihtsam kui f\u00fc\u00fcsiliselt kohal k\u00e4imine? Ajaveebi tiim pani kokku viis p\u00f5nevat k\u00fcsimust ning siin on \u00f5petajate vastused.<\/h4>\n<h4><strong>Milliseid uusi andeid v\u00f5i tegevusi olete avastanud karantiini ajal?<\/strong><\/h4>\n<h4><strong>Egle Pihlap (k\u00e4sit\u00f6\u00f6) :<\/strong>Karantiini ajal avastasin enda jaoks discgolfi. Ma olen sellega varem kokku puutunud, k\u00fcll aga mitte nii tihedalt, kui n\u00fc\u00fcd karantiini ajal. Naudin seda tegevust v\u00e4ga. See ei n\u00f5ua erilisi oskusi, ei murra konti ja annab v\u00f5imaluse v\u00e4rskes \u00f5hus viibida.<\/h4>\n<h4><strong>Riin Saar (matemaatika):\u00a0<\/strong>Otseselt uusi andeid pole avastanud, aga \u00fche uue kogemuse sain juurde k\u00fcll \u2013 kuidas ehitada karukarjust <img decoding=\"async\" class=\"_1ift _2560 img\" src=\"https:\/\/static.xx.fbcdn.net\/images\/emoji.php\/v9\/t4c\/1\/16\/1f642.png\" alt=\"&#x1f642;\" \/><\/h4>\n<h4><strong>Reet Varik (eesti keel):\u00a0<\/strong>Olen avastanud, et suudan 5 korda kiiremini n\u00e4rvi minna kui tavaliselt, sest jube keeruline on keskenduda, kui t\u00f6\u00f6tegemise ajal n\u00f5uavad t\u00e4helepanu ka \u00fcks 5-aastane ja \u00fcks 7-aastane. Aga peale selle olen tutvunud ka m\u00f5ne uue e-keskkonnaga ja neis julgemalt toimetanud.<\/h4>\n<h4><strong>Kristi Vahenurm (klassijuhataja ja inglise keel):\u00a0<\/strong>Olen endale selgeks teinud Moodle\u2019i hingeelu. Rajasin ka elu esimese permakultuuri peenra, kuhu kavatsen istutada suvik\u00f5rvitsad. Pean end eksperdiks p\u00e4rmitaigna alal.<\/h4>\n<h4><strong>Mis on distants\u00f5ppe juures positiivset?<\/strong><\/h4>\n<h4><strong>Egle Pihlap:<\/strong>Olen saanud \u00f5pilastele anda hoopis teistsuguseid \u00fclesandeid kui tava\u00f5ppe ajal. See on olnud rikastav kogemus ja ka endal on olnud v\u00f5imalus midagi uut \u00f5ppida ja uute tehnikatega tutvuda. V\u00e4ga lihtsate vahenditega saab kodus kenasti hakkama ja tagasiside on olnud \u00f5pilaste poolt toredalt positiivne. Vaieldamatult on \u00f5pilaste lemmikud olnud kokandusega seotud \u00fclesanded.<\/h4>\n<h4><strong>Riin Saar: <\/strong>Distants\u00f5ppe juures meeldib mulle nt terve n\u00e4dala plaan \u00fche p\u00e4evaga \u00fcle vaadata ja ka e-kooli \u00e4ra kanda ning siis see annab n\u00e4dala sees veidike hingamisruumi. Kogu olukorra suhtes on positiivne aga see, et saan veidike hiljem t\u00f5usta, kui muidu t\u00f6\u00f6l k\u00e4ies. Minu jaoks on umbes 1,5 tundi ajav\u00f5itu.<\/h4>\n<h4><strong>Reet Varik: <\/strong>\u00dcks parimaid asju on kindlasti see, et ei pea vara \u00fcles t\u00f5usma.<\/h4>\n<h4><strong>Kristi Vahenurm: <\/strong>Distants\u00f5pe on v\u00f5imaldanud kooli- ja tagasimineku pealt k\u00f5vasti aega kokku hoida. Ta on \u00f5petanud t\u00f6\u00f6aja m\u00f5ttes paindlikkust ning on teinud inimesed julgemaks tehnoloogia kasutuse koha pealt. R\u00f5\u00f5mu teeb, et mitmed tehnoloogiafirmad on k\u00e4ttesaadavaks teinud vahendeid, mille eest varem k\u00fcsiti liiga palju raha. Kindlasti on ta sundinud inimesi rohkem t\u00e4helepanu p\u00f6\u00f6rama kodule ja perele.<\/h4>\n<h4><strong>Mis on distants\u00f5ppe juures negatiivset?<br \/>\n<\/strong><\/h4>\n<h4><strong>Egle Pihlap:<\/strong>Olen harjunud palju liikuma ja ka koolis on see v\u00e4ga suur osa minu t\u00f6\u00f6st &#8211; \u00fcsna sage on see, et jooksen tunnis \u00fche \u00f5pilase juurest teise ja aitan h\u00e4daolukordades. Kodus aga olen aheldatud arvuti k\u00fclge. Minu jaoks on olnud v\u00e4ga harjumatu p\u00e4evast p\u00e4eva ainult arvuti taga istuda. Esimestel n\u00e4dalatel oli see kohe eriti raske. Mulle meeldib \u00f5pilaste vahetu tagasiside ning v\u00f5imalus kohe k\u00fcsida-kohe vastata, kogu see sotsiaalne pool on j\u00e4\u00e4nud distants\u00f5ppel kahjuks tagaplaanile.<\/h4>\n<h4><strong>Riin Saar:<\/strong>\u00d5ppe seisukohast on negatiivne see, et \u00f5pitu tagasisidestamine \u00f5pilastele v\u00f5tab kordades rohkem aega. Kogu olukorra suhtes on negatiivne on aga see, et see on jube pikaks veninud. Ramm hakkab raugema.<\/h4>\n<h4><strong>Reet Varik:<\/strong>Tahaks \u00f5pilastega vahetult suhelda siiski, nii on parem asju seletada ja tagasisidet saada. Pidev ekraani vahtimine n\u00fcristab \u00e4ra ja silmadele m\u00f5jub erakordselt halvasti. Enesedistsipliin v\u00f5iks ka oluliselt parem olla.<\/h4>\n<h4><strong>Kristi Vahenurm: <\/strong>\u00d5petajat\u00f6\u00f6 koha pealt on t\u00f6\u00f6p\u00e4evad l\u00f5ppkokkuv\u00f5ttes kohati liiga pikaks veninud, aga ka see on \u00f5ppimise koht \u2013 tuleb oma t\u00f6\u00f6 \u00fcmber korraldada nii, et k\u00f5ik ellu j\u00e4\u00e4ksid. Kindlasti tunnevad paljud puudust \u00f5pilaste, kolleegide ja klassikaaslastega p\u00e4riselus kokkusaamisest. Mina ka.<\/h4>\n<h4><strong>Kuidas olete karantiini ajal oma vaba aega sisustanud?<\/strong><\/h4>\n<h4><strong>Egle Pihlap:<\/strong>Karantiini ajal olen vaadanud erinevaid dokumentaale, tegelenud k\u00e4sit\u00f6\u00f6ga. Kuna mulle meeldib kokata, siis olen katsetanud erinevaid retsepte. Olen korduvalt k\u00e4inud discgolfi m\u00e4ngimas, \u00f5ues jalutamas, rattaga s\u00f5itmas, ka kodu on korras <img decoding=\"async\" class=\"_1ift _2560 img\" src=\"https:\/\/static.xx.fbcdn.net\/images\/emoji.php\/v9\/t4c\/1\/16\/1f642.png\" alt=\"&#x1f642;\" \/><\/h4>\n<h4><strong>Riin Saar: <\/strong>Kas meil on vaba aega? Esimestel n\u00e4dalatel oli seda jube v\u00e4he, aga n\u00fc\u00fcd juba veidike rohkem. Olen seda proovinud panustanud kodustele toimetustele, nt. puude tegemine.<\/h4>\n<h4><strong>Reet Varik: <\/strong>Minul polnud v\u00e4ga muret, et \u00e4kki hakkab igav vms, minu vaba aja (ja paraku ka t\u00f6\u00f6aja) sisustasid mu enda kallid lapsed k\u00f5ikv\u00f5imalike ja ka v\u00f5imatute tegevustega. Aga kui lapsed osavalt tahvliajaga \u00e4ra ostsin, sain ka raamatut lugeda, see osa mulle t\u00e4itsa meeldis.<\/h4>\n<h4><strong>Kristi Vahenurm:<\/strong> Kindlasti olen saanud rohkem tegeleda ratsutamisega. Mul on olnud ka rohkem aega j\u00e4lgida muutusi looduses seoses kevade tulekuga.<\/h4>\n<h4><strong>Millisesse kohta soovite p\u00e4rast karantiini k\u00f5ige rohkem minna?<\/strong><\/h4>\n<h4><strong>Egle Pihlap:<\/strong>Igatsen oma rahvatantsutrenne, 2+2 n\u00f5ue nende toimumist takistab, seega ootan v\u00e4ga selle piirangu l\u00f5ppu. Kui ka kooliaasta l\u00e4bi saab, siis s\u00f5idan m\u00f5neks ajaks L\u00f5una-Eestisse vanemate juurde &#8211; sulgen arvuti, l\u00fckkan ka telefoni k\u00f5rvale ning puhkan kogu sellest digimaailmast.<\/h4>\n<h4><strong>Riin Saar:<\/strong>Sellist suurt vajadust kuhugi minna ei olegi. Pigem ootan seda, et saaksin taas vabalt liikuma, ei pea j\u00e4lgima 2+2 reeglit.<\/h4>\n<h4><strong>Reet Varik:<\/strong>Juuksurisse. Kuna mu juuksur t\u00f6\u00f6tab Saaremaal, pean siiski veel veidi ootama, enne kui sinna satun. Kinno tahaks ka hullult minna. Ja spaasse.<\/h4>\n<h4><strong>Kristi Vahenurm:<\/strong>Mul ei ole \u00fchtegi konkreetset kohta. Pigem tekitab ahistustunnet, et kadunud on koroonaeelne vabadusetunne olla v\u00f5imeline minema \u00fcksk\u00f5ik kuhu&#8230;<\/h4>\n<h4>Suvalised pildid, mille lisasime, sest 4 pilti postituse kohta on kohustuslik :\/\/ &#8230;<\/h4>\n\n\t\t<style type=\"text\/css\">\n\t\t\t#gallery-1 {\n\t\t\t\tmargin: auto;\n\t\t\t}\n\t\t\t#gallery-1 .gallery-item {\n\t\t\t\tfloat: left;\n\t\t\t\tmargin-top: 10px;\n\t\t\t\ttext-align: center;\n\t\t\t\twidth: 33%;\n\t\t\t}\n\t\t\t#gallery-1 img {\n\t\t\t\tborder: 2px solid #cfcfcf;\n\t\t\t}\n\t\t\t#gallery-1 .gallery-caption {\n\t\t\t\tmargin-left: 0;\n\t\t\t}\n\t\t\t\/* see gallery_shortcode() in wp-includes\/media.php *\/\n\t\t<\/style>\n\t\t<div id='gallery-1' class='gallery galleryid-3342 gallery-columns-3 gallery-size-thumbnail'><dl class='gallery-item'>\n\t\t\t<dt class='gallery-icon landscape'>\n\t\t\t\t<a href='https:\/\/www.real.edu.ee\/ajaveeb\/arh140b\/2020\/05\/30\/intervjuu-opetajatega\/22_1-2\/'><img loading=\"lazy\" decoding=\"async\" width=\"150\" height=\"150\" src=\"https:\/\/www.real.edu.ee\/ajaveeb\/arh140b\/files\/2020\/06\/22_1-1-e1591008002415-150x150.jpg\" class=\"attachment-thumbnail size-thumbnail\" alt=\"\" aria-describedby=\"gallery-1-3354\" \/><\/a>\n\t\t\t<\/dt>\n\t\t\t\t<dd class='wp-caption-text gallery-caption' id='gallery-1-3354'>\n\t\t\t\t2+2\n\t\t\t\t<\/dd><\/dl><dl class='gallery-item'>\n\t\t\t<dt class='gallery-icon portrait'>\n\t\t\t\t<a href='https:\/\/www.real.edu.ee\/ajaveeb\/arh140b\/2020\/05\/30\/intervjuu-opetajatega\/22_2\/'><img loading=\"lazy\" decoding=\"async\" width=\"150\" height=\"150\" src=\"https:\/\/www.real.edu.ee\/ajaveeb\/arh140b\/files\/2020\/06\/22_2-150x150.jpg\" class=\"attachment-thumbnail size-thumbnail\" alt=\"\" aria-describedby=\"gallery-1-3355\" \/><\/a>\n\t\t\t<\/dt>\n\t\t\t\t<dd class='wp-caption-text gallery-caption' id='gallery-1-3355'>\n\t\t\t\tKassipilt\n\t\t\t\t<\/dd><\/dl><dl class='gallery-item'>\n\t\t\t<dt class='gallery-icon landscape'>\n\t\t\t\t<a href='https:\/\/www.real.edu.ee\/ajaveeb\/arh140b\/2020\/05\/30\/intervjuu-opetajatega\/22_3\/'><img loading=\"lazy\" decoding=\"async\" width=\"150\" height=\"150\" src=\"https:\/\/www.real.edu.ee\/ajaveeb\/arh140b\/files\/2020\/06\/22_3-150x150.jpg\" class=\"attachment-thumbnail size-thumbnail\" alt=\"\" aria-describedby=\"gallery-1-3356\" \/><\/a>\n\t\t\t<\/dt>\n\t\t\t\t<dd class='wp-caption-text gallery-caption' id='gallery-1-3356'>\n\t\t\t\tDiscgolf\n\t\t\t\t<\/dd><\/dl><br style=\"clear: both\" \/><dl class='gallery-item'>\n\t\t\t<dt class='gallery-icon landscape'>\n\t\t\t\t<a href='https:\/\/www.real.edu.ee\/ajaveeb\/arh140b\/2020\/05\/04\/karantiini-ulestunnistused\/gpsliblikas\/'><img loading=\"lazy\" decoding=\"async\" width=\"150\" height=\"150\" src=\"https:\/\/www.real.edu.ee\/ajaveeb\/arh140b\/files\/2020\/05\/gpsliblikas-150x150.png\" class=\"attachment-thumbnail size-thumbnail\" alt=\"\" aria-describedby=\"gallery-1-3324\" srcset=\"https:\/\/www.real.edu.ee\/ajaveeb\/arh140b\/files\/2020\/05\/gpsliblikas-150x150.png 150w, https:\/\/www.real.edu.ee\/ajaveeb\/arh140b\/files\/2020\/05\/gpsliblikas-300x300.png 300w, https:\/\/www.real.edu.ee\/ajaveeb\/arh140b\/files\/2020\/05\/gpsliblikas.png 345w\" sizes=\"auto, (max-width: 150px) 100vw, 150px\" \/><\/a>\n\t\t\t<\/dt>\n\t\t\t\t<dd class='wp-caption-text gallery-caption' id='gallery-1-3324'>\n\t\t\t\tKujundorienteerumine\n\t\t\t\t<\/dd><\/dl>\n\t\t\t<br style='clear: both' \/>\n\t\t<\/div>\n\n<p style=\"text-align: right\">Intervjueerija: Kaisa<\/p>\n<p style=\"text-align: right\">Postituse koostasid: Ingrid ja Saskia<\/p>\n","protected":false},"excerpt":{"rendered":"<p>Kas distants\u00f5ppel olemine on \u00f5petajate jaoks raskem v\u00f5i lihtsam kui f\u00fc\u00fcsiliselt kohal k\u00e4imine? Ajaveebi tiim pani kokku viis p\u00f5nevat k\u00fcsimust ning siin on \u00f5petajate vastused. Milliseid uusi andeid v\u00f5i tegevusi olete avastanud karantiini ajal? Egle Pihlap (k\u00e4sit\u00f6\u00f6) :Karantiini ajal avastasin enda jaoks discgolfi. Ma olen sellega varem kokku puutunud, k\u00fcll aga mitte nii tihedalt, kui [&hellip;]<\/p>\n","protected":false},"author":115,"featured_media":0,"comment_status":"closed","ping_status":"open","sticky":false,"template":"","format":"standard","meta":{"footnotes":""},"categories":[7],"tags":[],"class_list":["post-3342","post","type-post","status-publish","format-standard","hentry","category-7-klass"],"_links":{"self":[{"href":"https:\/\/www.real.edu.ee\/ajaveeb\/arh140b\/wp-json\/wp\/v2\/posts\/3342","targetHints":{"allow":["GET"]}}],"collection":[{"href":"https:\/\/www.real.edu.ee\/ajaveeb\/arh140b\/wp-json\/wp\/v2\/posts"}],"about":[{"href":"https:\/\/www.real.edu.ee\/ajaveeb\/arh140b\/wp-json\/wp\/v2\/types\/post"}],"author":[{"embeddable":true,"href":"https:\/\/www.real.edu.ee\/ajaveeb\/arh140b\/wp-json\/wp\/v2\/users\/115"}],"replies":[{"embeddable":true,"href":"https:\/\/www.real.edu.ee\/ajaveeb\/arh140b\/wp-json\/wp\/v2\/comments?post=3342"}],"version-history":[{"count":12,"href":"https:\/\/www.real.edu.ee\/ajaveeb\/arh140b\/wp-json\/wp\/v2\/posts\/3342\/revisions"}],"predecessor-version":[{"id":3368,"href":"https:\/\/www.real.edu.ee\/ajaveeb\/arh140b\/wp-json\/wp\/v2\/posts\/3342\/revisions\/3368"}],"wp:attachment":[{"href":"https:\/\/www.real.edu.ee\/ajaveeb\/arh140b\/wp-json\/wp\/v2\/media?parent=3342"}],"wp:term":[{"taxonomy":"category","embeddable":true,"href":"https:\/\/www.real.edu.ee\/ajaveeb\/arh140b\/wp-json\/wp\/v2\/categories?post=3342"},{"taxonomy":"post_tag","embeddable":true,"href":"https:\/\/www.real.edu.ee\/ajaveeb\/arh140b\/wp-json\/wp\/v2\/tags?post=3342"}],"curies":[{"name":"wp","href":"https:\/\/api.w.org\/{rel}","templated":true}]}}