{"id":3234,"date":"2020-03-30T12:22:02","date_gmt":"2020-03-30T09:22:02","guid":{"rendered":"http:\/\/www.real.edu.ee\/ajaveeb\/140b\/?p=3234"},"modified":"2020-04-28T17:28:01","modified_gmt":"2020-04-28T14:28:01","slug":"distantsope","status":"publish","type":"post","link":"https:\/\/www.real.edu.ee\/ajaveeb\/arh140b\/2020\/03\/30\/distantsope\/","title":{"rendered":"\u00d5pe koroonahooajal 1"},"content":{"rendered":"<h4>Tere j\u00e4lle!<\/h4>\n<h4>N\u00fc\u00fcd, kui oleme juba 2 n\u00e4dalat kodu\u00f5pet harrastanud otsustasime k\u00fcsida klassikaaslastelt, mida nad oma elust arvavad.<\/h4>\n<h4>Joosep: &#8220;Eelistan \u00f5ppida kodus, sest nii saab kiiremini asjad tehtud ja \u00f5pitud. Jaksan digi\u00f5ppel olla veel v\u00e4hemalt 2 kuud ning k\u00f5ige parem on see, et on palju vaba aega. K\u00f5ige hullem on see, et s\u00f5pradega ei saa kohtuda.&#8221;<\/h4>\n<h4>Eliise: &#8220;Ma eelistan koolis \u00f5ppida, sest koolis saab rohkem kuulata ja m\u00e4rkmeid teha, aga kodus peab lihtsalt \u00fcksinda lugema. Ma arvan, et ma v\u00f5in suve alguseni ka digi\u00f5ppel olla, sest mul ei ole selle vastu otseselt midagi. K\u00f5ige ebameeldivam on ilmselt see, et ei tohi s\u00f5pradega kokku saada. Mulle meeldib selle olukorra juures see, et saab olla koos kogu perega, sest tavaliselt on k\u00f5ik kuskil laiali.&#8221;<\/h4>\n<h4>Mia-Viktoria: &#8220;Raske \u00f6elda kumba eelistan. Kodus \u00f5ppides j\u00e4\u00e4b palju rohkem vaba aega teistele tegevustele ja saab ka oma unetunnid t\u00e4is magatud. Koolis aga saaksin ilmselt asjad rohkem selgeks ning rutemini. Digi\u00f5ppel ise suudaksin olla veel maksimaalselt \u00fcks v\u00f5i kaks n\u00e4dalat, aga see ei ole v\u00e4ga oluline, sest riik teeb siiski ise otsuse, kaua me peame karantiinis olema. K\u00f5ige parem selle olukorra juures on see, et inimesed saavad n\u00fc\u00fcd rohkem aega iseendale p\u00fchendada, aga halvim on see, et paljude inimeste elud on ohus kogu selle viiruse t\u00f5ttu.&#8221;<\/h4>\n<h4>Sander: &#8220;Praegu eelistan \u00f5ppida kodus, sest saab oma aega ise planeerida. Arvan, et peaksin vastu 1 kuu, enne kui hakkaks \u00fcle viskama. K\u00f5ige halvem on, et ei saa k\u00e4ia jalkav\u00e4ljakutel ja trennides, k\u00f5ige parem on praegu see, et j\u00e4\u00e4b rohkem aega sportimiseks.&#8221;<\/h4>\n<h4>Reiko: &#8220;Eelistan \u00f5ppida kodus, sest saab aega planeerida (n\u00e4iteks asju ette teha) ja teha igasuguseid asju siis, kui tahan (n\u00e4teks olla instas). Jaksan digi\u00f5ppel olla l\u00f5putult. K\u00f5ige hullem praeguse olukorra juures see, et ei saa teistega kokku saada. K\u00f5ige parem on praeguse olukorra juures see, et saan magada, kaua tahan ja \u00f5ppida, kui viitsin.&#8221;<\/h4>\n<h4>Rasmus: &#8220;Eelistan \u00f5ppida kodus, sest j\u00f5uan koolit\u00f6\u00f6d rutem valmis. Jaksan kodu\u00f5ppel olla nii kaua kui vaja. Midagi hullu polegi. K\u00f5ige parem on kodus olemise juures see, et vaba aega on palju rohkem&#8221;<\/h4>\n<h4>Kadri-Liis: &#8220;Ma eelistan \u00f5ppida koolis, sest saan siis \u00f5petajatelt k\u00fcsimusi k\u00fcsida ja ei pea uusi teemasid nii palju ise \u00f5ppima, vaid \u00f5petaja seletab, kuid vahelduseks on hea midagi uut proovida ja ise \u00f5ppida. Ma arvan, et ma jaksan veel digi\u00f5ppel olla m\u00f5ned n\u00e4dalad, n\u00e4iteks 1.maini, aga kooliaasta l\u00f5puks tahaks ikkagi korraks veel kooli tagasi minna, et s\u00f5pru n\u00e4ha. Minu arust on k\u00f5ige parem see, et saan harjutada enesedistsipliini, et teeksin k\u00f5ik \u00e4ra ja ei oleks liiga palju telefonis. Hea on ka see, et saan hommikul natuke kauem magada ja j\u00e4\u00e4b rohkem vaba aega iseendale. Halb on kindlasti see, et ei saa s\u00f5pru n\u00e4ost n\u00e4kku n\u00e4ha ja ei saa n\u00e4iteks kinno mina.&#8221;<\/h4>\n\n\t\t<style type=\"text\/css\">\n\t\t\t#gallery-1 {\n\t\t\t\tmargin: auto;\n\t\t\t}\n\t\t\t#gallery-1 .gallery-item {\n\t\t\t\tfloat: left;\n\t\t\t\tmargin-top: 10px;\n\t\t\t\ttext-align: center;\n\t\t\t\twidth: 33%;\n\t\t\t}\n\t\t\t#gallery-1 img {\n\t\t\t\tborder: 2px solid #cfcfcf;\n\t\t\t}\n\t\t\t#gallery-1 .gallery-caption {\n\t\t\t\tmargin-left: 0;\n\t\t\t}\n\t\t\t\/* see gallery_shortcode() in wp-includes\/media.php *\/\n\t\t<\/style>\n\t\t<div id='gallery-1' class='gallery galleryid-3234 gallery-columns-3 gallery-size-thumbnail'><dl class='gallery-item'>\n\t\t\t<dt class='gallery-icon portrait'>\n\t\t\t\t<a href='https:\/\/www.real.edu.ee\/ajaveeb\/arh140b\/2020\/03\/30\/distantsope\/koroona6\/'><img loading=\"lazy\" decoding=\"async\" width=\"150\" height=\"150\" src=\"https:\/\/www.real.edu.ee\/ajaveeb\/arh140b\/files\/2020\/03\/koroona6-150x150.jpeg\" class=\"attachment-thumbnail size-thumbnail\" alt=\"\" aria-describedby=\"gallery-1-3252\" \/><\/a>\n\t\t\t<\/dt>\n\t\t\t\t<dd class='wp-caption-text gallery-caption' id='gallery-1-3252'>\n\t\t\t\tKlassijuhatajatund videok\u00f5nena\n\t\t\t\t<\/dd><\/dl><dl class='gallery-item'>\n\t\t\t<dt class='gallery-icon portrait'>\n\t\t\t\t<a href='https:\/\/www.real.edu.ee\/ajaveeb\/arh140b\/2020\/03\/30\/distantsope\/koroona7\/'><img loading=\"lazy\" decoding=\"async\" width=\"150\" height=\"150\" src=\"https:\/\/www.real.edu.ee\/ajaveeb\/arh140b\/files\/2020\/03\/koroona7-150x150.jpeg\" class=\"attachment-thumbnail size-thumbnail\" alt=\"\" aria-describedby=\"gallery-1-3253\" \/><\/a>\n\t\t\t<\/dt>\n\t\t\t\t<dd class='wp-caption-text gallery-caption' id='gallery-1-3253'>\n\t\t\t\teKool jookseb kokku\n\t\t\t\t<\/dd><\/dl><dl class='gallery-item'>\n\t\t\t<dt class='gallery-icon portrait'>\n\t\t\t\t<a href='https:\/\/www.real.edu.ee\/ajaveeb\/arh140b\/2020\/03\/30\/distantsope\/koroona8\/'><img loading=\"lazy\" decoding=\"async\" width=\"150\" height=\"150\" src=\"https:\/\/www.real.edu.ee\/ajaveeb\/arh140b\/files\/2020\/03\/koroona8-150x150.jpeg\" class=\"attachment-thumbnail size-thumbnail\" alt=\"\" aria-describedby=\"gallery-1-3254\" \/><\/a>\n\t\t\t<\/dt>\n\t\t\t\t<dd class='wp-caption-text gallery-caption' id='gallery-1-3254'>\n\t\t\t\tOpiq\n\t\t\t\t<\/dd><\/dl><br style=\"clear: both\" \/><dl class='gallery-item'>\n\t\t\t<dt class='gallery-icon portrait'>\n\t\t\t\t<a href='https:\/\/www.real.edu.ee\/ajaveeb\/arh140b\/2020\/03\/30\/distantsope\/koroona9\/'><img loading=\"lazy\" decoding=\"async\" width=\"150\" height=\"150\" src=\"https:\/\/www.real.edu.ee\/ajaveeb\/arh140b\/files\/2020\/03\/koroona9-150x150.jpg\" class=\"attachment-thumbnail size-thumbnail\" alt=\"\" aria-describedby=\"gallery-1-3255\" \/><\/a>\n\t\t\t<\/dt>\n\t\t\t\t<dd class='wp-caption-text gallery-caption' id='gallery-1-3255'>\n\t\t\t\tKehalise tund\n\t\t\t\t<\/dd><\/dl>\n\t\t\t<br style='clear: both' \/>\n\t\t<\/div>\n\n<p>&nbsp;<\/p>\n<div id=\"attachment_3250\" style=\"width: 509px\" class=\"wp-caption alignnone\"><img loading=\"lazy\" decoding=\"async\" aria-describedby=\"caption-attachment-3250\" class=\"wp-image-3250\" src=\"http:\/\/www.real.edu.ee\/ajaveeb\/140b\/files\/2020\/03\/koroona2.png\" alt=\"\" width=\"499\" height=\"303\" srcset=\"https:\/\/www.real.edu.ee\/ajaveeb\/arh140b\/files\/2020\/03\/koroona2.png 764w, https:\/\/www.real.edu.ee\/ajaveeb\/arh140b\/files\/2020\/03\/koroona2-300x182.png 300w\" sizes=\"auto, (max-width: 499px) 100vw, 499px\" \/><p id=\"caption-attachment-3250\" class=\"wp-caption-text\">Kodut\u00f6\u00f6de sooritamise tabel<\/p><\/div>\n<p style=\"text-align: right\">Postituse tegi Saskia.<\/p>\n","protected":false},"excerpt":{"rendered":"<p>Tere j\u00e4lle! N\u00fc\u00fcd, kui oleme juba 2 n\u00e4dalat kodu\u00f5pet harrastanud otsustasime k\u00fcsida klassikaaslastelt, mida nad oma elust arvavad. Joosep: &#8220;Eelistan \u00f5ppida kodus, sest nii saab kiiremini asjad tehtud ja \u00f5pitud. Jaksan digi\u00f5ppel olla veel v\u00e4hemalt 2 kuud ning k\u00f5ige parem on see, et on palju vaba aega. K\u00f5ige hullem on see, et s\u00f5pradega ei saa [&hellip;]<\/p>\n","protected":false},"author":115,"featured_media":0,"comment_status":"closed","ping_status":"open","sticky":false,"template":"","format":"standard","meta":{"footnotes":""},"categories":[7],"tags":[],"class_list":["post-3234","post","type-post","status-publish","format-standard","hentry","category-7-klass"],"_links":{"self":[{"href":"https:\/\/www.real.edu.ee\/ajaveeb\/arh140b\/wp-json\/wp\/v2\/posts\/3234","targetHints":{"allow":["GET"]}}],"collection":[{"href":"https:\/\/www.real.edu.ee\/ajaveeb\/arh140b\/wp-json\/wp\/v2\/posts"}],"about":[{"href":"https:\/\/www.real.edu.ee\/ajaveeb\/arh140b\/wp-json\/wp\/v2\/types\/post"}],"author":[{"embeddable":true,"href":"https:\/\/www.real.edu.ee\/ajaveeb\/arh140b\/wp-json\/wp\/v2\/users\/115"}],"replies":[{"embeddable":true,"href":"https:\/\/www.real.edu.ee\/ajaveeb\/arh140b\/wp-json\/wp\/v2\/comments?post=3234"}],"version-history":[{"count":8,"href":"https:\/\/www.real.edu.ee\/ajaveeb\/arh140b\/wp-json\/wp\/v2\/posts\/3234\/revisions"}],"predecessor-version":[{"id":3318,"href":"https:\/\/www.real.edu.ee\/ajaveeb\/arh140b\/wp-json\/wp\/v2\/posts\/3234\/revisions\/3318"}],"wp:attachment":[{"href":"https:\/\/www.real.edu.ee\/ajaveeb\/arh140b\/wp-json\/wp\/v2\/media?parent=3234"}],"wp:term":[{"taxonomy":"category","embeddable":true,"href":"https:\/\/www.real.edu.ee\/ajaveeb\/arh140b\/wp-json\/wp\/v2\/categories?post=3234"},{"taxonomy":"post_tag","embeddable":true,"href":"https:\/\/www.real.edu.ee\/ajaveeb\/arh140b\/wp-json\/wp\/v2\/tags?post=3234"}],"curies":[{"name":"wp","href":"https:\/\/api.w.org\/{rel}","templated":true}]}}