{"id":3182,"date":"2020-02-20T07:34:58","date_gmt":"2020-02-20T05:34:58","guid":{"rendered":"http:\/\/www.real.edu.ee\/ajaveeb\/140b\/?p=3182"},"modified":"2020-03-12T18:44:56","modified_gmt":"2020-03-12T16:44:56","slug":"tulevikuplaanid-ttu-voi-kroonika","status":"publish","type":"post","link":"https:\/\/www.real.edu.ee\/ajaveeb\/arh140b\/2020\/02\/20\/tulevikuplaanid-ttu-voi-kroonika\/","title":{"rendered":"Tulevikuplaanid: TT\u00dc v\u00f5i Kroonika?"},"content":{"rendered":"<h4>Neljap\u00e4eval olid meie 3 j\u00e4rjestikust eesti keele tundi isegi mittesurmavad, kuna tuli r\u00e4\u00e4kima emakeele\u00f5petaja kunagine \u00f5pilane Mari ning meie suur lemmik Otto. Mari tutvustas meile TT\u00dc v\u00f5i no suurilmalikult \u00f6eldes TalTechi \u00f5ppesuundi nt loodusteadused v\u00f5i Mereakadeemia. Ilmselt l\u00e4hevad paljud meist kunagi sinna \u00f5pinguid j\u00e4tkama, nii et ma arvan, et saime sellest poolest tunnist palju kasulikku teavet tulevikuks.<\/h4>\n<h4>Vahetunnis lahutas meie meelt Otto ning kriiditahvel (markeritega pole ju meeldiv Yana Toomi soengut joonistada). J\u00e4rgnes poolteist tundi \u00f5udust &#8211; pidime kirjutama intervjuu raamatu &#8220;Tasuja&#8221; p\u00f5hjal. J\u00e4rele m\u00f5eldes polnudki see nii hull, kui raamat oli l\u00e4bi loetud. Paljude valminud intrigeerivate k\u00fcsimuste alusel v\u00f5iks \u00f6elda, et l\u00f5viosa 7.b-st oleks v\u00f5imeline Kroonikasse t\u00f6\u00f6le minema.<\/h4>\n<div id=\"attachment_3183\" style=\"width: 510px\" class=\"wp-caption alignnone\"><img loading=\"lazy\" decoding=\"async\" aria-describedby=\"caption-attachment-3183\" class=\"wp-image-3183 \" src=\"http:\/\/www.real.edu.ee\/ajaveeb\/140b\/files\/2020\/02\/n20.02.1.jpg\" alt=\"\" width=\"500\" height=\"374\" srcset=\"https:\/\/www.real.edu.ee\/ajaveeb\/arh140b\/files\/2020\/02\/n20.02.1.jpg 770w, https:\/\/www.real.edu.ee\/ajaveeb\/arh140b\/files\/2020\/02\/n20.02.1-300x224.jpg 300w, https:\/\/www.real.edu.ee\/ajaveeb\/arh140b\/files\/2020\/02\/n20.02.1-768x575.jpg 768w\" sizes=\"auto, (max-width: 500px) 100vw, 500px\" \/><p id=\"caption-attachment-3183\" class=\"wp-caption-text\">Mida saab \u00f5ppida Mereakadeemias?<\/p><\/div>\n<div id=\"attachment_3185\" style=\"width: 508px\" class=\"wp-caption alignnone\"><img loading=\"lazy\" decoding=\"async\" aria-describedby=\"caption-attachment-3185\" class=\"wp-image-3185 \" src=\"http:\/\/www.real.edu.ee\/ajaveeb\/140b\/files\/2020\/02\/n20.02-scaled.jpg\" alt=\"\" width=\"498\" height=\"373\" srcset=\"https:\/\/www.real.edu.ee\/ajaveeb\/arh140b\/files\/2020\/02\/n20.02-scaled.jpg 2560w, https:\/\/www.real.edu.ee\/ajaveeb\/arh140b\/files\/2020\/02\/n20.02-300x224.jpg 300w, https:\/\/www.real.edu.ee\/ajaveeb\/arh140b\/files\/2020\/02\/n20.02-1024x766.jpg 1024w, https:\/\/www.real.edu.ee\/ajaveeb\/arh140b\/files\/2020\/02\/n20.02-768x574.jpg 768w, https:\/\/www.real.edu.ee\/ajaveeb\/arh140b\/files\/2020\/02\/n20.02-1536x1149.jpg 1536w, https:\/\/www.real.edu.ee\/ajaveeb\/arh140b\/files\/2020\/02\/n20.02-2048x1532.jpg 2048w\" sizes=\"auto, (max-width: 498px) 100vw, 498px\" \/><p id=\"caption-attachment-3185\" class=\"wp-caption-text\">Lennart r\u00fcgab t\u00f6\u00f6d teha<\/p><\/div>\n<div id=\"attachment_3192\" style=\"width: 510px\" class=\"wp-caption alignnone\"><img loading=\"lazy\" decoding=\"async\" aria-describedby=\"caption-attachment-3192\" class=\" wp-image-3192\" src=\"http:\/\/www.real.edu.ee\/ajaveeb\/140b\/files\/2020\/02\/kritseldamine.jpg\" alt=\"\" width=\"500\" height=\"375\" srcset=\"https:\/\/www.real.edu.ee\/ajaveeb\/arh140b\/files\/2020\/02\/kritseldamine.jpg 2048w, https:\/\/www.real.edu.ee\/ajaveeb\/arh140b\/files\/2020\/02\/kritseldamine-300x225.jpg 300w, https:\/\/www.real.edu.ee\/ajaveeb\/arh140b\/files\/2020\/02\/kritseldamine-1024x768.jpg 1024w, https:\/\/www.real.edu.ee\/ajaveeb\/arh140b\/files\/2020\/02\/kritseldamine-768x576.jpg 768w, https:\/\/www.real.edu.ee\/ajaveeb\/arh140b\/files\/2020\/02\/kritseldamine-1536x1152.jpg 1536w\" sizes=\"auto, (max-width: 500px) 100vw, 500px\" \/><p id=\"caption-attachment-3192\" class=\"wp-caption-text\">Kritseldajad<\/p><\/div>\n<div id=\"attachment_3193\" style=\"width: 500px\" class=\"wp-caption alignnone\"><img loading=\"lazy\" decoding=\"async\" aria-describedby=\"caption-attachment-3193\" class=\" wp-image-3193\" src=\"http:\/\/www.real.edu.ee\/ajaveeb\/140b\/files\/2020\/02\/otto.jpg\" alt=\"\" width=\"490\" height=\"368\" srcset=\"https:\/\/www.real.edu.ee\/ajaveeb\/arh140b\/files\/2020\/02\/otto.jpg 2048w, https:\/\/www.real.edu.ee\/ajaveeb\/arh140b\/files\/2020\/02\/otto-300x225.jpg 300w, https:\/\/www.real.edu.ee\/ajaveeb\/arh140b\/files\/2020\/02\/otto-1024x768.jpg 1024w, https:\/\/www.real.edu.ee\/ajaveeb\/arh140b\/files\/2020\/02\/otto-768x576.jpg 768w, https:\/\/www.real.edu.ee\/ajaveeb\/arh140b\/files\/2020\/02\/otto-1536x1152.jpg 1536w\" sizes=\"auto, (max-width: 490px) 100vw, 490px\" \/><p id=\"caption-attachment-3193\" class=\"wp-caption-text\">Otto<\/p><\/div>\n<h4><a href=\"https:\/\/elu24.postimees.ee\/3894467\/yana-toomi-ja-marko-reikopi-vahel-laks-tuliseks-utlemiseks-kellega-siis-rohkem-katsite-mida-te-raagite-ma-olen-vaarikas-poliitik\">Link Yana Toomi intervjuule,<\/a>\u00a0mis meil tunnis vaatamata j\u00e4i<\/h4>\n<p style=\"text-align: right;\">Postituse tegi Saskia<\/p>\n","protected":false},"excerpt":{"rendered":"<p>Neljap\u00e4eval olid meie 3 j\u00e4rjestikust eesti keele tundi isegi mittesurmavad, kuna tuli r\u00e4\u00e4kima emakeele\u00f5petaja kunagine \u00f5pilane Mari ning meie suur lemmik Otto. Mari tutvustas meile TT\u00dc v\u00f5i no suurilmalikult \u00f6eldes TalTechi \u00f5ppesuundi nt loodusteadused v\u00f5i Mereakadeemia. Ilmselt l\u00e4hevad paljud meist kunagi sinna \u00f5pinguid j\u00e4tkama, nii et ma arvan, et saime sellest poolest tunnist palju kasulikku [&hellip;]<\/p>\n","protected":false},"author":115,"featured_media":0,"comment_status":"open","ping_status":"open","sticky":false,"template":"","format":"standard","meta":{"footnotes":""},"categories":[7],"tags":[],"class_list":["post-3182","post","type-post","status-publish","format-standard","hentry","category-7-klass"],"_links":{"self":[{"href":"https:\/\/www.real.edu.ee\/ajaveeb\/arh140b\/wp-json\/wp\/v2\/posts\/3182","targetHints":{"allow":["GET"]}}],"collection":[{"href":"https:\/\/www.real.edu.ee\/ajaveeb\/arh140b\/wp-json\/wp\/v2\/posts"}],"about":[{"href":"https:\/\/www.real.edu.ee\/ajaveeb\/arh140b\/wp-json\/wp\/v2\/types\/post"}],"author":[{"embeddable":true,"href":"https:\/\/www.real.edu.ee\/ajaveeb\/arh140b\/wp-json\/wp\/v2\/users\/115"}],"replies":[{"embeddable":true,"href":"https:\/\/www.real.edu.ee\/ajaveeb\/arh140b\/wp-json\/wp\/v2\/comments?post=3182"}],"version-history":[{"count":6,"href":"https:\/\/www.real.edu.ee\/ajaveeb\/arh140b\/wp-json\/wp\/v2\/posts\/3182\/revisions"}],"predecessor-version":[{"id":3212,"href":"https:\/\/www.real.edu.ee\/ajaveeb\/arh140b\/wp-json\/wp\/v2\/posts\/3182\/revisions\/3212"}],"wp:attachment":[{"href":"https:\/\/www.real.edu.ee\/ajaveeb\/arh140b\/wp-json\/wp\/v2\/media?parent=3182"}],"wp:term":[{"taxonomy":"category","embeddable":true,"href":"https:\/\/www.real.edu.ee\/ajaveeb\/arh140b\/wp-json\/wp\/v2\/categories?post=3182"},{"taxonomy":"post_tag","embeddable":true,"href":"https:\/\/www.real.edu.ee\/ajaveeb\/arh140b\/wp-json\/wp\/v2\/tags?post=3182"}],"curies":[{"name":"wp","href":"https:\/\/api.w.org\/{rel}","templated":true}]}}