{"id":3171,"date":"2020-02-21T12:46:00","date_gmt":"2020-02-21T10:46:00","guid":{"rendered":"http:\/\/www.real.edu.ee\/ajaveeb\/140b\/?p=3171"},"modified":"2020-03-12T05:07:07","modified_gmt":"2020-03-12T03:07:07","slug":"eesti-vabariik-102","status":"publish","type":"post","link":"https:\/\/www.real.edu.ee\/ajaveeb\/arh140b\/2020\/02\/21\/eesti-vabariik-102\/","title":{"rendered":"Eesti Vabariik 102"},"content":{"rendered":"<h4>T\u00f5en\u00e4oliselt teab iga eestlane, et Eesti Vabariigi aastap\u00e4ev on 24. veebruaril ning lisaks suurele peole saab nautida ka vaba p\u00e4eva. Sellel aastal juhtus nii, et lisaks sellele sattus suur p\u00fcha ka vaheajale ja seep\u00e4rast pidasime toreda aktuse maha juba 21. veebruaril. Aktuse alguses laulisid k\u00f5ik koorid koos, seej\u00e4rel pidas direktor k\u00f5ne ja seda tegi ka algklasside esindaja. K\u00f5ige rohkem pakkus huvi t\u00f5en\u00e4oliselt kooristuudio lauldud laul, kus oli kasutatud nii kandle- kui ka klaverim\u00e4ngu. Aktust juhtis meie tore klassivend Joosep, kes sai sellega v\u00e4ga h\u00e4sti ja probleemideta hakkama. Viimase asjana tunnustati veel ol\u00fcmpiaadide koolivoorude tublisid osalejaid meie klassist said aukirjad Saskia, Joosep, Maria, Karl H. ja Ingrid. Peale seda j\u00e4tkasime oma tavap\u00e4rast koolip\u00e4eva, mida oli meie \u00f5nneks isegi veidikene l\u00fchendatud.<\/h4>\n<h4>Head vaheaega ja kaunist vabariigi aastap\u00e4eva!<\/h4>\n<p style=\"text-align: right;\">Tekst: Ingrid<\/p>\n<p style=\"text-align: right;\">Pildid: Maria, Kadri-Liis ja Ingrid<\/p>\n<div id=\"attachment_3179\" style=\"width: 510px\" class=\"wp-caption alignnone\"><img loading=\"lazy\" decoding=\"async\" aria-describedby=\"caption-attachment-3179\" class=\"wp-image-3179 \" src=\"http:\/\/www.real.edu.ee\/ajaveeb\/140b\/files\/2020\/02\/ev102.jpg\" alt=\"\" width=\"500\" height=\"374\" srcset=\"https:\/\/www.real.edu.ee\/ajaveeb\/arh140b\/files\/2020\/02\/ev102.jpg 836w, https:\/\/www.real.edu.ee\/ajaveeb\/arh140b\/files\/2020\/02\/ev102-300x224.jpg 300w, https:\/\/www.real.edu.ee\/ajaveeb\/arh140b\/files\/2020\/02\/ev102-768x574.jpg 768w\" sizes=\"auto, (max-width: 500px) 100vw, 500px\" \/><p id=\"caption-attachment-3179\" class=\"wp-caption-text\">Parallelklasside aktus<\/p><\/div>\n\n\t\t<style type=\"text\/css\">\n\t\t\t#gallery-1 {\n\t\t\t\tmargin: auto;\n\t\t\t}\n\t\t\t#gallery-1 .gallery-item {\n\t\t\t\tfloat: left;\n\t\t\t\tmargin-top: 10px;\n\t\t\t\ttext-align: center;\n\t\t\t\twidth: 33%;\n\t\t\t}\n\t\t\t#gallery-1 img {\n\t\t\t\tborder: 2px solid #cfcfcf;\n\t\t\t}\n\t\t\t#gallery-1 .gallery-caption {\n\t\t\t\tmargin-left: 0;\n\t\t\t}\n\t\t\t\/* see gallery_shortcode() in wp-includes\/media.php *\/\n\t\t<\/style>\n\t\t<div id='gallery-1' class='gallery galleryid-3171 gallery-columns-3 gallery-size-thumbnail'><dl class='gallery-item'>\n\t\t\t<dt class='gallery-icon landscape'>\n\t\t\t\t<a href='https:\/\/www.real.edu.ee\/ajaveeb\/arh140b\/2020\/02\/21\/eesti-vabariik-102\/87046269_634804333978292_6978172737499955200_n\/'><img loading=\"lazy\" decoding=\"async\" width=\"150\" height=\"150\" src=\"https:\/\/www.real.edu.ee\/ajaveeb\/arh140b\/files\/2020\/02\/87046269_634804333978292_6978172737499955200_n-150x150.jpg\" class=\"attachment-thumbnail size-thumbnail\" alt=\"\" aria-describedby=\"gallery-1-3173\" \/><\/a>\n\t\t\t<\/dt>\n\t\t\t\t<dd class='wp-caption-text gallery-caption' id='gallery-1-3173'>\n\t\t\t\tKooristuudio laul kanneldega\n\t\t\t\t<\/dd><\/dl><dl class='gallery-item'>\n\t\t\t<dt class='gallery-icon portrait'>\n\t\t\t\t<a href='https:\/\/www.real.edu.ee\/ajaveeb\/arh140b\/2020\/02\/21\/eesti-vabariik-102\/87166942_183203459760441_2317554560396165120_n\/'><img loading=\"lazy\" decoding=\"async\" width=\"150\" height=\"150\" src=\"https:\/\/www.real.edu.ee\/ajaveeb\/arh140b\/files\/2020\/02\/87166942_183203459760441_2317554560396165120_n-150x150.jpg\" class=\"attachment-thumbnail size-thumbnail\" alt=\"\" aria-describedby=\"gallery-1-3172\" \/><\/a>\n\t\t\t<\/dt>\n\t\t\t\t<dd class='wp-caption-text gallery-caption' id='gallery-1-3172'>\n\t\t\t\tKarl H. aukirjaga\n\t\t\t\t<\/dd><\/dl><dl class='gallery-item'>\n\t\t\t<dt class='gallery-icon portrait'>\n\t\t\t\t<a href='https:\/\/www.real.edu.ee\/ajaveeb\/arh140b\/2020\/02\/21\/eesti-vabariik-102\/87387480_135979684324545_7960858360016797696_n\/'><img loading=\"lazy\" decoding=\"async\" width=\"150\" height=\"150\" src=\"https:\/\/www.real.edu.ee\/ajaveeb\/arh140b\/files\/2020\/02\/87387480_135979684324545_7960858360016797696_n-150x150.jpg\" class=\"attachment-thumbnail size-thumbnail\" alt=\"\" aria-describedby=\"gallery-1-3174\" \/><\/a>\n\t\t\t<\/dt>\n\t\t\t\t<dd class='wp-caption-text gallery-caption' id='gallery-1-3174'>\n\t\t\t\tMaria v\u00f5tmas vastu auhinda\n\t\t\t\t<\/dd><\/dl><br style=\"clear: both\" \/><dl class='gallery-item'>\n\t\t\t<dt class='gallery-icon portrait'>\n\t\t\t\t<a href='https:\/\/www.real.edu.ee\/ajaveeb\/arh140b\/2020\/02\/21\/eesti-vabariik-102\/86975976_185938976015209_4776690192264200192_n\/'><img loading=\"lazy\" decoding=\"async\" width=\"150\" height=\"150\" src=\"https:\/\/www.real.edu.ee\/ajaveeb\/arh140b\/files\/2020\/02\/86975976_185938976015209_4776690192264200192_n-150x150.jpg\" class=\"attachment-thumbnail size-thumbnail\" alt=\"\" aria-describedby=\"gallery-1-3175\" \/><\/a>\n\t\t\t<\/dt>\n\t\t\t\t<dd class='wp-caption-text gallery-caption' id='gallery-1-3175'>\n\t\t\t\tPoiss ja p\u00e4rjad\n\t\t\t\t<\/dd><\/dl>\n\t\t\t<br style='clear: both' \/>\n\t\t<\/div>\n\n","protected":false},"excerpt":{"rendered":"<p>T\u00f5en\u00e4oliselt teab iga eestlane, et Eesti Vabariigi aastap\u00e4ev on 24. veebruaril ning lisaks suurele peole saab nautida ka vaba p\u00e4eva. Sellel aastal juhtus nii, et lisaks sellele sattus suur p\u00fcha ka vaheajale ja seep\u00e4rast pidasime toreda aktuse maha juba 21. veebruaril. Aktuse alguses laulisid k\u00f5ik koorid koos, seej\u00e4rel pidas direktor k\u00f5ne ja seda tegi ka [&hellip;]<\/p>\n","protected":false},"author":115,"featured_media":0,"comment_status":"closed","ping_status":"open","sticky":false,"template":"","format":"standard","meta":{"footnotes":""},"categories":[7],"tags":[],"class_list":["post-3171","post","type-post","status-publish","format-standard","hentry","category-7-klass"],"_links":{"self":[{"href":"https:\/\/www.real.edu.ee\/ajaveeb\/arh140b\/wp-json\/wp\/v2\/posts\/3171","targetHints":{"allow":["GET"]}}],"collection":[{"href":"https:\/\/www.real.edu.ee\/ajaveeb\/arh140b\/wp-json\/wp\/v2\/posts"}],"about":[{"href":"https:\/\/www.real.edu.ee\/ajaveeb\/arh140b\/wp-json\/wp\/v2\/types\/post"}],"author":[{"embeddable":true,"href":"https:\/\/www.real.edu.ee\/ajaveeb\/arh140b\/wp-json\/wp\/v2\/users\/115"}],"replies":[{"embeddable":true,"href":"https:\/\/www.real.edu.ee\/ajaveeb\/arh140b\/wp-json\/wp\/v2\/comments?post=3171"}],"version-history":[{"count":6,"href":"https:\/\/www.real.edu.ee\/ajaveeb\/arh140b\/wp-json\/wp\/v2\/posts\/3171\/revisions"}],"predecessor-version":[{"id":3209,"href":"https:\/\/www.real.edu.ee\/ajaveeb\/arh140b\/wp-json\/wp\/v2\/posts\/3171\/revisions\/3209"}],"wp:attachment":[{"href":"https:\/\/www.real.edu.ee\/ajaveeb\/arh140b\/wp-json\/wp\/v2\/media?parent=3171"}],"wp:term":[{"taxonomy":"category","embeddable":true,"href":"https:\/\/www.real.edu.ee\/ajaveeb\/arh140b\/wp-json\/wp\/v2\/categories?post=3171"},{"taxonomy":"post_tag","embeddable":true,"href":"https:\/\/www.real.edu.ee\/ajaveeb\/arh140b\/wp-json\/wp\/v2\/tags?post=3171"}],"curies":[{"name":"wp","href":"https:\/\/api.w.org\/{rel}","templated":true}]}}