{"id":2989,"date":"2019-11-03T18:07:39","date_gmt":"2019-11-03T16:07:39","guid":{"rendered":"http:\/\/www.real.edu.ee\/ajaveeb\/140b\/?p=2989"},"modified":"2019-11-29T00:52:11","modified_gmt":"2019-11-28T22:52:11","slug":"etiketikoolitus-glorias","status":"publish","type":"post","link":"https:\/\/www.real.edu.ee\/ajaveeb\/arh140b\/2019\/11\/03\/etiketikoolitus-glorias\/","title":{"rendered":"Etiketikoolitus Glorias"},"content":{"rendered":"<h4>Klassijuhataja initsiatiivil ja toiduga meelitamisega saime kogu klassi (peale Eliase) ennast kirja panema etiketikoolitusele restoranis Gloria, seega 31. oktoobril kulgesime\u00a0 k\u00f5ik ilusasti riietatult vanalinnas asuvasse Gloriasse.<\/h4>\n<h4>Kohale j\u00f5udes oli aru saada&#8211; see koht oli v\u00e4ga uhke. Kuldne diivan, laes l\u00fchtrid, seintel maalid ning isegi tualetti interj\u00f6\u00f6r oli kaunistustega. Igatahes tundus nagu meid oleks kogemata valesse kohta toodud, see oli k\u00f5ik nii luksuslik. Viidi meid siis 2. korrusele ja lasti ringi vaadata. K\u00f5ik oli taas kirjeldamatult kuninglik. N\u00e4gime jookide men\u00fc\u00fcd ja detailidesse ei l\u00e4he, aga oli k\u00fcll ikka v\u00e4ga kallis, kuid j\u00e4relikult kvaliteetne? Istusime laudade taha ning \u00f5ppisime oma koolitajalt Erika Kolbakovilt kuidas \u00f5igesti kahvlit kasutada, istuda, k\u00e4ituda jne jne. Osad asjad olid k\u00fcll meile v\u00e4ga kummalised, n\u00e4iteks enne joomist suu salvr\u00e4tikuga tupsutamine ning kahvlit n-\u00f6 \u00f5iget pidi hoidmine. Kui suurem osa \u00f5pitud sai, saabus ka toit.\u00a0 Osad laudkonnad pingutasid, et v\u00f5imalikult \u00f5igesti s\u00fc\u00fca, teised aga et v\u00f5imalikult valesti ja reegleid eiravalt s\u00fc\u00fca. Uudistasime hiljem majas veidi ringi ning tulime tagasi t\u00e4pselt magustoidu ajaks. Kana oli k\u00fcll v\u00e4ga hea, aga magustoit parem, eks see oli ju magus \ud83d\ude42 Kahju \u00f6elda, aga nii see lugu l\u00f5ppeb. Tegime \u00e4ra klassipildi, pildistasime veel viimast korda uhket interj\u00f6\u00f6ri ning lahkusime.<\/h4>\n<h4>T\u00e4nud Gloriale meid enne avamiskellaaega sisse laskmast ning meid maitsva toiduga nuumamast!<\/h4>\n<div id=\"attachment_2995\" style=\"width: 511px\" class=\"wp-caption alignnone\"><img loading=\"lazy\" decoding=\"async\" aria-describedby=\"caption-attachment-2995\" class=\"wp-image-2995 \" src=\"http:\/\/www.real.edu.ee\/ajaveeb\/140b\/files\/2019\/11\/gloria6.jpg\" alt=\"\" width=\"501\" height=\"375\" srcset=\"https:\/\/www.real.edu.ee\/ajaveeb\/arh140b\/files\/2019\/11\/gloria6.jpg 1027w, https:\/\/www.real.edu.ee\/ajaveeb\/arh140b\/files\/2019\/11\/gloria6-300x224.jpg 300w, https:\/\/www.real.edu.ee\/ajaveeb\/arh140b\/files\/2019\/11\/gloria6-768x574.jpg 768w, https:\/\/www.real.edu.ee\/ajaveeb\/arh140b\/files\/2019\/11\/gloria6-1024x766.jpg 1024w\" sizes=\"auto, (max-width: 501px) 100vw, 501px\" \/><p id=\"caption-attachment-2995\" class=\"wp-caption-text\">Kuldne diivan<\/p><\/div>\n<div id=\"attachment_2994\" style=\"width: 510px\" class=\"wp-caption alignnone\"><img loading=\"lazy\" decoding=\"async\" aria-describedby=\"caption-attachment-2994\" class=\" wp-image-2994\" src=\"http:\/\/www.real.edu.ee\/ajaveeb\/140b\/files\/2019\/11\/gloria5.jpg\" alt=\"\" width=\"500\" height=\"374\" srcset=\"https:\/\/www.real.edu.ee\/ajaveeb\/arh140b\/files\/2019\/11\/gloria5.jpg 1027w, https:\/\/www.real.edu.ee\/ajaveeb\/arh140b\/files\/2019\/11\/gloria5-300x224.jpg 300w, https:\/\/www.real.edu.ee\/ajaveeb\/arh140b\/files\/2019\/11\/gloria5-768x574.jpg 768w, https:\/\/www.real.edu.ee\/ajaveeb\/arh140b\/files\/2019\/11\/gloria5-1024x766.jpg 1024w\" sizes=\"auto, (max-width: 500px) 100vw, 500px\" \/><p id=\"caption-attachment-2994\" class=\"wp-caption-text\">Laudkond nr2<\/p><\/div>\n<div id=\"attachment_2993\" style=\"width: 510px\" class=\"wp-caption alignnone\"><img loading=\"lazy\" decoding=\"async\" aria-describedby=\"caption-attachment-2993\" class=\" wp-image-2993\" src=\"http:\/\/www.real.edu.ee\/ajaveeb\/140b\/files\/2019\/11\/gloria4.jpg\" alt=\"\" width=\"500\" height=\"667\" srcset=\"https:\/\/www.real.edu.ee\/ajaveeb\/arh140b\/files\/2019\/11\/gloria4.jpg 1536w, https:\/\/www.real.edu.ee\/ajaveeb\/arh140b\/files\/2019\/11\/gloria4-225x300.jpg 225w, https:\/\/www.real.edu.ee\/ajaveeb\/arh140b\/files\/2019\/11\/gloria4-768x1024.jpg 768w\" sizes=\"auto, (max-width: 500px) 100vw, 500px\" \/><p id=\"caption-attachment-2993\" class=\"wp-caption-text\">#Insta toidupilt<\/p><\/div>\n<div id=\"attachment_2992\" style=\"width: 510px\" class=\"wp-caption alignnone\"><img loading=\"lazy\" decoding=\"async\" aria-describedby=\"caption-attachment-2992\" class=\" wp-image-2992\" src=\"http:\/\/www.real.edu.ee\/ajaveeb\/140b\/files\/2019\/11\/gloria3.jpg\" alt=\"\" width=\"500\" height=\"667\" srcset=\"https:\/\/www.real.edu.ee\/ajaveeb\/arh140b\/files\/2019\/11\/gloria3.jpg 1536w, https:\/\/www.real.edu.ee\/ajaveeb\/arh140b\/files\/2019\/11\/gloria3-225x300.jpg 225w, https:\/\/www.real.edu.ee\/ajaveeb\/arh140b\/files\/2019\/11\/gloria3-768x1024.jpg 768w\" sizes=\"auto, (max-width: 500px) 100vw, 500px\" \/><p id=\"caption-attachment-2992\" class=\"wp-caption-text\">Kelner kandis korraga viit taldrikut<\/p><\/div>\n<div id=\"attachment_2991\" style=\"width: 510px\" class=\"wp-caption alignnone\"><img loading=\"lazy\" decoding=\"async\" aria-describedby=\"caption-attachment-2991\" class=\" wp-image-2991\" src=\"http:\/\/www.real.edu.ee\/ajaveeb\/140b\/files\/2019\/11\/gloria2.jpg\" alt=\"\" width=\"500\" height=\"667\" srcset=\"https:\/\/www.real.edu.ee\/ajaveeb\/arh140b\/files\/2019\/11\/gloria2.jpg 1536w, https:\/\/www.real.edu.ee\/ajaveeb\/arh140b\/files\/2019\/11\/gloria2-225x300.jpg 225w, https:\/\/www.real.edu.ee\/ajaveeb\/arh140b\/files\/2019\/11\/gloria2-768x1024.jpg 768w\" sizes=\"auto, (max-width: 500px) 100vw, 500px\" \/><p id=\"caption-attachment-2991\" class=\"wp-caption-text\">Laud<\/p><\/div>\n<p style=\"text-align: right\">Teksti koostas Saskia, pildid tegid Remo ja Annabel.<\/p>\n","protected":false},"excerpt":{"rendered":"<p>Klassijuhataja initsiatiivil ja toiduga meelitamisega saime kogu klassi (peale Eliase) ennast kirja panema etiketikoolitusele restoranis Gloria, seega 31. oktoobril kulgesime\u00a0 k\u00f5ik ilusasti riietatult vanalinnas asuvasse Gloriasse. Kohale j\u00f5udes oli aru saada&#8211; see koht oli v\u00e4ga uhke. Kuldne diivan, laes l\u00fchtrid, seintel maalid ning isegi tualetti interj\u00f6\u00f6r oli kaunistustega. Igatahes tundus nagu meid oleks kogemata valesse [&hellip;]<\/p>\n","protected":false},"author":115,"featured_media":0,"comment_status":"open","ping_status":"open","sticky":false,"template":"","format":"standard","meta":{"footnotes":""},"categories":[7],"tags":[],"class_list":["post-2989","post","type-post","status-publish","format-standard","hentry","category-7-klass"],"_links":{"self":[{"href":"https:\/\/www.real.edu.ee\/ajaveeb\/arh140b\/wp-json\/wp\/v2\/posts\/2989","targetHints":{"allow":["GET"]}}],"collection":[{"href":"https:\/\/www.real.edu.ee\/ajaveeb\/arh140b\/wp-json\/wp\/v2\/posts"}],"about":[{"href":"https:\/\/www.real.edu.ee\/ajaveeb\/arh140b\/wp-json\/wp\/v2\/types\/post"}],"author":[{"embeddable":true,"href":"https:\/\/www.real.edu.ee\/ajaveeb\/arh140b\/wp-json\/wp\/v2\/users\/115"}],"replies":[{"embeddable":true,"href":"https:\/\/www.real.edu.ee\/ajaveeb\/arh140b\/wp-json\/wp\/v2\/comments?post=2989"}],"version-history":[{"count":6,"href":"https:\/\/www.real.edu.ee\/ajaveeb\/arh140b\/wp-json\/wp\/v2\/posts\/2989\/revisions"}],"predecessor-version":[{"id":3081,"href":"https:\/\/www.real.edu.ee\/ajaveeb\/arh140b\/wp-json\/wp\/v2\/posts\/2989\/revisions\/3081"}],"wp:attachment":[{"href":"https:\/\/www.real.edu.ee\/ajaveeb\/arh140b\/wp-json\/wp\/v2\/media?parent=2989"}],"wp:term":[{"taxonomy":"category","embeddable":true,"href":"https:\/\/www.real.edu.ee\/ajaveeb\/arh140b\/wp-json\/wp\/v2\/categories?post=2989"},{"taxonomy":"post_tag","embeddable":true,"href":"https:\/\/www.real.edu.ee\/ajaveeb\/arh140b\/wp-json\/wp\/v2\/tags?post=2989"}],"curies":[{"name":"wp","href":"https:\/\/api.w.org\/{rel}","templated":true}]}}