{"id":291,"date":"2014-06-09T11:21:12","date_gmt":"2014-06-09T08:21:12","guid":{"rendered":"http:\/\/www.real.edu.ee\/ajaveeb\/140b\/?p=291"},"modified":"2014-06-13T11:38:06","modified_gmt":"2014-06-13T08:38:06","slug":"suvi-raamatuga-2014","status":"publish","type":"post","link":"https:\/\/www.real.edu.ee\/ajaveeb\/arh140b\/2014\/06\/09\/suvi-raamatuga-2014\/","title":{"rendered":"SUVI RAAMATUGA 2014"},"content":{"rendered":"<p style=\"text-align: justify\"><strong>Tallinna Keskraamatukogu kutsub lapsi kaasa l\u00f6\u00f6ma lugemisprogrammis \u201eSuvi raamatuga 2014\u201c.<\/strong><\/p>\n<p style=\"text-align: justify\">\u00a0\u201eSuvi raamatuga 2014\u201c kutsub lapsi 1. juunist kuni 1. augustini vaba aega raamatute seltsis veetma! Raamatukoguhoidjad on lastele v\u00e4lja valinud mitu uuemat lasteraamatut. Lugemisprogrammis osalejad saavad endale lugemispassi, kus k\u00f5ik raamatud on ka kirjas.<\/p>\n<p style=\"text-align: justify\">Iga l\u00e4biloetud raamatu kohta palub raamatukogu lapsel joonistada pilt ja t\u00e4ita k\u00fcsimustik, mille vastu antakse kleebis. Kes kogub 1. augustiks passi v\u00e4hemalt 10 kleebist, on oodatud suvise lugemise l\u00f5petamisele.<\/p>\n<p style=\"text-align: justify\">\u00a0Lugemissuve l\u00f5pupidu on <strong>15. augustil kell 12.00 NUKU teatris (Lai 1)<\/strong>, kus t\u00e4natakse lugemisprogrammi l\u00f5petajaid ja parimaid joonistajaid.<\/p>\n<p style=\"text-align: justify\">\u00a0Lugemisprogrammi passe saab Tallinna Keskraamatukogu laste- ja noorteteenindusest, v\u00f5\u00f5rkeelse kirjanduse osakonnast, raamatukogubussist Katarina Jee ja k\u00f5ikidest haruraamatukogudest.<\/p>\n<p style=\"text-align: justify\"><strong>Valitud raamatud<\/strong>:<br \/>\n1. \u201eAisopose valmid\u201c<br \/>\n2. Donaldson, Julia. \u201eGr\u00fchvel\u201c<br \/>\n3. Flechsig, Dorothea. \u201ePetronella \u00d5nneseen\u201c<br \/>\n4. Janosch. \u201eKiri tiigrile\u201c<br \/>\n5. Koff, Indrek. \u201eKui ma oleksin vanaisa\u201c<br \/>\n6. Lagercrantz, Rose. \u201eMinu \u00f5nnelik elu\u201c<br \/>\n7. Leis, Janka Lee. \u201eHanna ja Aleksi lood : kevad ja suvi\u201c<br \/>\n8. N\u00f6stlinger, Christine. \u201eTulipunane Friederike\u201c<br \/>\n9. \u201eOmad jutud 2\u201c &#8211; seda raamatut saad lugeda ka siit www.keskraamatukogu.ee\/e-raamat\/omadjutud2<br \/>\n10. Parvela, Timo. \u201eElla ja s\u00f5brad\u201c 1. v\u00f5i 2. osa<br \/>\n11. Saar, Anti. \u201eKuidas meil asjad k\u00e4ivad\u201c<br \/>\n12. Vainola, K\u00e4tlin. \u201eLift\u201c<\/p>\n<p style=\"text-align: justify\"><strong>Luule:<\/strong><br \/>\n1. Itkonen, Jukka. \u201eM\u00f5nus sajuilm\u201c<br \/>\n2. Pervik, Aino. \u201eH\u00e4rra Tee ja proua Kohv\u201c<br \/>\n3. Tungal, Leelo. \u201ePorgand t\u00f6\u00f6tab porgandina\u201c<\/p>\n<p style=\"text-align: justify\">Vaata lisainfot aadressilt <a href=\"http:\/\/www.keskraamatukogu.ee\/lasteleht\/eesti\/uudis-3\/14460\/0106-010814-suvi-raamatuga-2014\/&amp;tpl=1298\">http:\/\/www.keskraamatukogu.ee\/lasteleht\/eesti\/uudis-3\/14460\/0106-010814-suvi-raamatuga-2014\/&amp;tpl=1298<\/a><\/p>\n<p>&nbsp;<\/p>\n<p style=\"text-align: justify\">\u00a0\u00a0\u00a0\u00a0\u00a0\u00a0\u00a0\u00a0\u00a0\u00a0\u00a0\u00a0\u00a0\u00a0\u00a0\u00a0\u00a0\u00a0\u00a0\u00a0\u00a0\u00a0\u00a0\u00a0\u00a0\u00a0\u00a0\u00a0\u00a0\u00a0\u00a0\u00a0\u00a0\u00a0\u00a0\u00a0\u00a0\u00a0\u00a0\u00a0\u00a0\u00a0\u00a0\u00a0\u00a0\u00a0\u00a0\u00a0\u00a0\u00a0\u00a0\u00a0\u00a0\u00a0\u00a0\u00a0\u00a0\u00a0\u00a0\u00a0\u00a0\u00a0\u00a0\u00a0\u00a0\u00a0\u00a0\u00a0\u00a0\u00a0\u00a0\u00a0\u00a0\u00a0\u00a0\u00a0\u00a0\u00a0\u00a0\u00a0\u00a0\u00a0\u00a0\u00a0\u00a0\u00a0\u00a0\u00a0\u00a0\u00a0\u00a0\u00a0\u00a0\u00a0\u00a0\u00a0\u00a0\u00a0\u00a0\u00a0\u00a0\u00a0\u00a0\u00a0\u00a0\u00a0\u00a0\u00a0\u00a0\u00a0\u00a0\u00a0\u00a0\u00a0\u00a0\u00a0\u00a0\u00a0\u00a0\u00a0\u00a0\u00a0\u00a0\u00a0\u00a0\u00a0\u00a0\u00a0\u00a0\u00a0\u00a0\u00a0\u00a0\u00a0\u00a0\u00a0\u00a0\u00a0\u00a0\u00a0\u00a0\u00a0\u00a0\u00a0\u00a0\u00a0\u00a0\u00a0\u00a0\u00a0\u00a0\u00a0\u00a0\u00a0\u00a0\u00a0\u00a0\u00a0\u00a0\u00a0\u00a0\u00a0\u00a0\u00a0\u00a0\u00a0\u00a0\u00a0\u00a0\u00a0\u00a0\u00a0\u00a0\u00a0\u00a0 M\u00f5nusat lugemist!<\/p>\n","protected":false},"excerpt":{"rendered":"<p>Tallinna Keskraamatukogu kutsub lapsi kaasa l\u00f6\u00f6ma lugemisprogrammis \u201eSuvi raamatuga 2014\u201c. \u00a0\u201eSuvi raamatuga 2014\u201c kutsub lapsi 1. juunist kuni 1. augustini vaba aega raamatute seltsis veetma! Raamatukoguhoidjad on lastele v\u00e4lja valinud mitu uuemat lasteraamatut. Lugemisprogrammis osalejad saavad endale lugemispassi, kus k\u00f5ik raamatud on ka kirjas. Iga l\u00e4biloetud raamatu kohta palub raamatukogu lapsel joonistada pilt ja t\u00e4ita [&hellip;]<\/p>\n","protected":false},"author":71,"featured_media":0,"comment_status":"open","ping_status":"open","sticky":false,"template":"","format":"standard","meta":{"footnotes":""},"categories":[1],"tags":[],"class_list":["post-291","post","type-post","status-publish","format-standard","hentry","category-maaratlemata"],"_links":{"self":[{"href":"https:\/\/www.real.edu.ee\/ajaveeb\/arh140b\/wp-json\/wp\/v2\/posts\/291","targetHints":{"allow":["GET"]}}],"collection":[{"href":"https:\/\/www.real.edu.ee\/ajaveeb\/arh140b\/wp-json\/wp\/v2\/posts"}],"about":[{"href":"https:\/\/www.real.edu.ee\/ajaveeb\/arh140b\/wp-json\/wp\/v2\/types\/post"}],"author":[{"embeddable":true,"href":"https:\/\/www.real.edu.ee\/ajaveeb\/arh140b\/wp-json\/wp\/v2\/users\/71"}],"replies":[{"embeddable":true,"href":"https:\/\/www.real.edu.ee\/ajaveeb\/arh140b\/wp-json\/wp\/v2\/comments?post=291"}],"version-history":[{"count":8,"href":"https:\/\/www.real.edu.ee\/ajaveeb\/arh140b\/wp-json\/wp\/v2\/posts\/291\/revisions"}],"predecessor-version":[{"id":444,"href":"https:\/\/www.real.edu.ee\/ajaveeb\/arh140b\/wp-json\/wp\/v2\/posts\/291\/revisions\/444"}],"wp:attachment":[{"href":"https:\/\/www.real.edu.ee\/ajaveeb\/arh140b\/wp-json\/wp\/v2\/media?parent=291"}],"wp:term":[{"taxonomy":"category","embeddable":true,"href":"https:\/\/www.real.edu.ee\/ajaveeb\/arh140b\/wp-json\/wp\/v2\/categories?post=291"},{"taxonomy":"post_tag","embeddable":true,"href":"https:\/\/www.real.edu.ee\/ajaveeb\/arh140b\/wp-json\/wp\/v2\/tags?post=291"}],"curies":[{"name":"wp","href":"https:\/\/api.w.org\/{rel}","templated":true}]}}