{"id":2811,"date":"2019-09-07T14:32:48","date_gmt":"2019-09-07T11:32:48","guid":{"rendered":"http:\/\/www.real.edu.ee\/ajaveeb\/140b\/?p=2811"},"modified":"2019-11-13T18:12:48","modified_gmt":"2019-11-13T16:12:48","slug":"tere-tulemast-7-klassi-ning-muud-hirmu-ja-oudusjutud","status":"publish","type":"post","link":"https:\/\/www.real.edu.ee\/ajaveeb\/arh140b\/2019\/09\/07\/tere-tulemast-7-klassi-ning-muud-hirmu-ja-oudusjutud\/","title":{"rendered":"&#8220;Tere tulemast 7. klassi&#8221; ning muud hirmu- ja \u00f5udusjutud"},"content":{"rendered":"\r\n<h4>\u00a0 \u00a0 Kutsuge meid n\u00fc\u00fcd 7.b-ks, kuna kool algas taas. Tervitame c-klassi, kes meie lennuga \u00fchinesid. Seoses 3. kooliastme alustamisega peame n\u00fc\u00fcd \u00f5ppima ka geograafiat, bioloogiat ja tublimad ka saksa- v\u00f5i prantsuskeelt.\u00a0<\/h4>\r\n<h4>\u00a0 \u00a0 Kooliaasta algas 2. septembril k\u00f5igile reaalikatele tuntud lausega historistlikust koolimajast ja pum- t\u0161iga- pumiga. J\u00e4rgnev n\u00e4dal oli t\u00e4iesti tavaline, kui mitte arvestada uusi aineid ja sellega kaasnevat \u00e4revust.<\/h4>\r\n<h4>\u00a0 \u00a0 Muideks, n\u00fc\u00fcd peaks meil algama ka reaalainete kallak, nii et soovime c- ning a- klassile ja eelk\u00f5ige iseendale edu ellu j\u00e4\u00e4misel.&#x1f643;<\/h4>\r\n<h4>K\u00f5ike parimat: Ajaveebi tiim<\/h4>\r\n<p><img loading=\"lazy\" decoding=\"async\" class=\"alignnone wp-image-2884 \" src=\"http:\/\/www.real.edu.ee\/ajaveeb\/140b\/files\/2019\/09\/1-1024x768.jpg\" alt=\"\" width=\"563\" height=\"423\" srcset=\"https:\/\/www.real.edu.ee\/ajaveeb\/arh140b\/files\/2019\/09\/1-1024x768.jpg 1024w, https:\/\/www.real.edu.ee\/ajaveeb\/arh140b\/files\/2019\/09\/1-300x225.jpg 300w, https:\/\/www.real.edu.ee\/ajaveeb\/arh140b\/files\/2019\/09\/1-768x576.jpg 768w, https:\/\/www.real.edu.ee\/ajaveeb\/arh140b\/files\/2019\/09\/1.jpg 1041w\" sizes=\"auto, (max-width: 563px) 100vw, 563px\" \/><\/p>\r\n<p>&nbsp;<\/p>\r\n","protected":false},"excerpt":{"rendered":"<p>\u00a0 \u00a0 Kutsuge meid n\u00fc\u00fcd 7.b-ks, kuna kool algas taas. Tervitame c-klassi, kes meie lennuga \u00fchinesid. Seoses 3. kooliastme alustamisega peame n\u00fc\u00fcd \u00f5ppima ka geograafiat, bioloogiat ja tublimad ka saksa- v\u00f5i prantsuskeelt.\u00a0 \u00a0 \u00a0 Kooliaasta algas 2. septembril k\u00f5igile reaalikatele tuntud lausega historistlikust koolimajast ja pum- t\u0161iga- pumiga. J\u00e4rgnev n\u00e4dal oli t\u00e4iesti tavaline, kui mitte [&hellip;]<\/p>\n","protected":false},"author":115,"featured_media":0,"comment_status":"open","ping_status":"open","sticky":false,"template":"","format":"standard","meta":{"footnotes":""},"categories":[7],"tags":[],"class_list":["post-2811","post","type-post","status-publish","format-standard","hentry","category-7-klass"],"_links":{"self":[{"href":"https:\/\/www.real.edu.ee\/ajaveeb\/arh140b\/wp-json\/wp\/v2\/posts\/2811","targetHints":{"allow":["GET"]}}],"collection":[{"href":"https:\/\/www.real.edu.ee\/ajaveeb\/arh140b\/wp-json\/wp\/v2\/posts"}],"about":[{"href":"https:\/\/www.real.edu.ee\/ajaveeb\/arh140b\/wp-json\/wp\/v2\/types\/post"}],"author":[{"embeddable":true,"href":"https:\/\/www.real.edu.ee\/ajaveeb\/arh140b\/wp-json\/wp\/v2\/users\/115"}],"replies":[{"embeddable":true,"href":"https:\/\/www.real.edu.ee\/ajaveeb\/arh140b\/wp-json\/wp\/v2\/comments?post=2811"}],"version-history":[{"count":11,"href":"https:\/\/www.real.edu.ee\/ajaveeb\/arh140b\/wp-json\/wp\/v2\/posts\/2811\/revisions"}],"predecessor-version":[{"id":3025,"href":"https:\/\/www.real.edu.ee\/ajaveeb\/arh140b\/wp-json\/wp\/v2\/posts\/2811\/revisions\/3025"}],"wp:attachment":[{"href":"https:\/\/www.real.edu.ee\/ajaveeb\/arh140b\/wp-json\/wp\/v2\/media?parent=2811"}],"wp:term":[{"taxonomy":"category","embeddable":true,"href":"https:\/\/www.real.edu.ee\/ajaveeb\/arh140b\/wp-json\/wp\/v2\/categories?post=2811"},{"taxonomy":"post_tag","embeddable":true,"href":"https:\/\/www.real.edu.ee\/ajaveeb\/arh140b\/wp-json\/wp\/v2\/tags?post=2811"}],"curies":[{"name":"wp","href":"https:\/\/api.w.org\/{rel}","templated":true}]}}