{"id":2648,"date":"2019-04-08T21:09:41","date_gmt":"2019-04-08T18:09:41","guid":{"rendered":"http:\/\/www.real.edu.ee\/ajaveeb\/140b\/?p=2648"},"modified":"2019-05-25T11:30:26","modified_gmt":"2019-05-25T08:30:26","slug":"apelsinitudruk","status":"publish","type":"post","link":"https:\/\/www.real.edu.ee\/ajaveeb\/arh140b\/2019\/04\/08\/apelsinitudruk\/","title":{"rendered":"Apelsinit\u00fcdruk"},"content":{"rendered":"\n<p>Reedel k\u00e4isime klassiga teatris vaatamas etendust &#8220;Apelsinit\u00fcdruk&#8221;. Etendus oli tehtud samanimelise raamatu p\u00f5hjal, mille autor on norrakas Jostein Gaarder. Etendus r\u00e4\u00e4kis \u00fchest poisist, kes elab oma ema ja kasuisaga ning leiab \u00fchel p\u00e4eval kirja oma surnud isalt. Kirjas r\u00e4\u00e4gib isa oma kohtumisest ja suhtest salap\u00e4rase apelsinit\u00fcdrukuga. L\u00f5ppu me ette ei r\u00e4\u00e4gi, kuid \u00fctleme, et etendus l\u00f5ppes v\u00e4hemalt minu jaoks v\u00e4ga suure p\u00f6\u00f6rdega.<\/p>\n\n\n\n<p>See etendus oli v\u00e4ikses saalis, aga oleks v\u00f5inud olla hoopis suures, sest seal oli v\u00e4he \u00f5hku ja peale kahte tundi oli v\u00e4ga palav.  Ootame juba suure huviga j\u00e4rgmist korda, millal j\u00e4lle teatrisse minna ja tunde \u00e4ra j\u00e4tta!<\/p>\n\n\n\n<figure class=\"wp-block-image\"><img loading=\"lazy\" decoding=\"async\" width=\"1024\" height=\"768\" src=\"http:\/\/www.real.edu.ee\/ajaveeb\/140b\/files\/2019\/05\/61098082_2301206246785663_2372072044868141056_n-1024x768.jpg\" alt=\"\" class=\"wp-image-2650\" srcset=\"https:\/\/www.real.edu.ee\/ajaveeb\/arh140b\/files\/2019\/05\/61098082_2301206246785663_2372072044868141056_n-1024x768.jpg 1024w, https:\/\/www.real.edu.ee\/ajaveeb\/arh140b\/files\/2019\/05\/61098082_2301206246785663_2372072044868141056_n-300x225.jpg 300w, https:\/\/www.real.edu.ee\/ajaveeb\/arh140b\/files\/2019\/05\/61098082_2301206246785663_2372072044868141056_n-768x576.jpg 768w\" sizes=\"auto, (max-width: 1024px) 100vw, 1024px\" \/><figcaption>Teel teatrisse<\/figcaption><\/figure>\n\n\n\n<p style=\"text-align:right\">Tekst: Ingrid Pilt: Saskia<\/p>\n","protected":false},"excerpt":{"rendered":"<p>Reedel k\u00e4isime klassiga teatris vaatamas etendust &#8220;Apelsinit\u00fcdruk&#8221;. Etendus oli tehtud samanimelise raamatu p\u00f5hjal, mille autor on norrakas Jostein Gaarder. Etendus r\u00e4\u00e4kis \u00fchest poisist, kes elab oma ema ja kasuisaga ning leiab \u00fchel p\u00e4eval kirja oma surnud isalt. Kirjas r\u00e4\u00e4gib isa oma kohtumisest ja suhtest salap\u00e4rase apelsinit\u00fcdrukuga. L\u00f5ppu me ette ei r\u00e4\u00e4gi, kuid \u00fctleme, et etendus [&hellip;]<\/p>\n","protected":false},"author":115,"featured_media":0,"comment_status":"open","ping_status":"open","sticky":false,"template":"","format":"standard","meta":{"footnotes":""},"categories":[6],"tags":[],"class_list":["post-2648","post","type-post","status-publish","format-standard","hentry","category-6-klass"],"_links":{"self":[{"href":"https:\/\/www.real.edu.ee\/ajaveeb\/arh140b\/wp-json\/wp\/v2\/posts\/2648","targetHints":{"allow":["GET"]}}],"collection":[{"href":"https:\/\/www.real.edu.ee\/ajaveeb\/arh140b\/wp-json\/wp\/v2\/posts"}],"about":[{"href":"https:\/\/www.real.edu.ee\/ajaveeb\/arh140b\/wp-json\/wp\/v2\/types\/post"}],"author":[{"embeddable":true,"href":"https:\/\/www.real.edu.ee\/ajaveeb\/arh140b\/wp-json\/wp\/v2\/users\/115"}],"replies":[{"embeddable":true,"href":"https:\/\/www.real.edu.ee\/ajaveeb\/arh140b\/wp-json\/wp\/v2\/comments?post=2648"}],"version-history":[{"count":3,"href":"https:\/\/www.real.edu.ee\/ajaveeb\/arh140b\/wp-json\/wp\/v2\/posts\/2648\/revisions"}],"predecessor-version":[{"id":2684,"href":"https:\/\/www.real.edu.ee\/ajaveeb\/arh140b\/wp-json\/wp\/v2\/posts\/2648\/revisions\/2684"}],"wp:attachment":[{"href":"https:\/\/www.real.edu.ee\/ajaveeb\/arh140b\/wp-json\/wp\/v2\/media?parent=2648"}],"wp:term":[{"taxonomy":"category","embeddable":true,"href":"https:\/\/www.real.edu.ee\/ajaveeb\/arh140b\/wp-json\/wp\/v2\/categories?post=2648"},{"taxonomy":"post_tag","embeddable":true,"href":"https:\/\/www.real.edu.ee\/ajaveeb\/arh140b\/wp-json\/wp\/v2\/tags?post=2648"}],"curies":[{"name":"wp","href":"https:\/\/api.w.org\/{rel}","templated":true}]}}