{"id":2624,"date":"2019-05-04T21:55:59","date_gmt":"2019-05-04T18:55:59","guid":{"rendered":"http:\/\/www.real.edu.ee\/ajaveeb\/140b\/?p=2624"},"modified":"2019-05-25T11:45:52","modified_gmt":"2019-05-25T08:45:52","slug":"ajarannak-1869","status":"publish","type":"post","link":"https:\/\/www.real.edu.ee\/ajaveeb\/arh140b\/2019\/05\/04\/ajarannak-1869\/","title":{"rendered":"Ajar\u00e4nnak 1869"},"content":{"rendered":"\n<p>2. mail reisisime ajas 150 aastat tagasi, aastasse 1869, millal toimus esimene \u00fcldlaulupidu. Sellel p\u00e4eval toimusid meil temaatilised tunnid ja hiljem ka simman ning rongk\u00e4ik. <\/p>\n\n\n\n<p>Tulime kooli teiseks tunniks ning suundusime aulasse \u00fchislaulmisele, kus lausime Vene keisririigi selleaegset h\u00fcmni &#8211; &#8220;Jumal keisrit kaitse sa&#8221;. Seej\u00e4rel toimus meie klassil matemaatikatund, kus me lahendasime murdekeeles nuputamis\u00fclesandeid ja kontrollisime neid. Peale seda oli meil klassijuhatajatund, seal tegime viktoriini. K\u00f5ige viimasena oli meil liikumise tund, kus tantsisime rahvatantse.<\/p>\n\n\n\n<p>Seej\u00e4rel suundusime vihmasele staadionile ja tegime grupipildi ning  hakkasime liikuma Kalevi halli. K\u00f5ndisime sinna rongk\u00e4igus ja lehvitasime uhkelt omatehtud Tori lippe (loosi k\u00e4igus sai meie klass teemaks Tori kihelkonna). L\u00f5puks j\u00f5udsime l\u00e4bi lompide Kalevi halli, kus algas laulupidu. <\/p>\n\n\n\n<p>Alguses pidasid k\u00f5nesid selle aja tuntud isikud ja tegelased, kes olid ka vastavalt kost\u00fcmeeritud. Siis laulsime m\u00f5ned laulud ja kuulasime, kuidas poistekoor laulis. Peale seda hakkas simman ja paljud l\u00e4ksid koju. \u00dclej\u00e4\u00e4nud tantsisid vanu rahvatantse ja nautisid muusikat.<\/p>\n\n\n\n<p>PS! Me j\u00e4ime ka m\u00f5nele pildile ajalehtede koostatud galeriides, vaata, kas tunned meid \u00e4ra!<\/p>\n\n\n\n<p> Delfi: <br><a href=\"https:\/\/www.delfi.ee\/news\/paevauudised\/eesti\/fotod-tallinna-koolilapsed-pidasid-sombuses-tallinnas-esimese-uldlaulupeo-rongkaiku?id=86088793\">https:\/\/www.delfi.ee\/news\/paevauudised\/eesti\/fotod-tallinna-koolilapsed-pidasid-sombuses-tallinnas-esimese-uldlaulupeo-rongkaiku?id=86088793<\/a> <\/p>\n\n\n\n<p>Pealinn: <br><a href=\"http:\/\/www.pealinn.ee\/tallinn\/fotod-sajad-kooliopilased-taaselustasid-esimese-uldlaulupeo-n241070\">http:\/\/www.pealinn.ee\/tallinn\/fotod-sajad-kooliopilased-taaselustasid-esimese-uldlaulupeo-n241070<\/a> <\/p>\n\n\n\n<figure class=\"wp-block-image\"><img loading=\"lazy\" decoding=\"async\" width=\"1024\" height=\"768\" src=\"http:\/\/www.real.edu.ee\/ajaveeb\/140b\/files\/2019\/05\/ajarannak2-1024x768.jpg\" alt=\"\" class=\"wp-image-2641\" srcset=\"https:\/\/www.real.edu.ee\/ajaveeb\/arh140b\/files\/2019\/05\/ajarannak2-1024x768.jpg 1024w, https:\/\/www.real.edu.ee\/ajaveeb\/arh140b\/files\/2019\/05\/ajarannak2-300x225.jpg 300w, https:\/\/www.real.edu.ee\/ajaveeb\/arh140b\/files\/2019\/05\/ajarannak2-768x576.jpg 768w, https:\/\/www.real.edu.ee\/ajaveeb\/arh140b\/files\/2019\/05\/ajarannak2.jpg 2016w\" sizes=\"auto, (max-width: 1024px) 100vw, 1024px\" \/><figcaption>Grupipilt<\/figcaption><\/figure>\n\n\n\n<figure class=\"wp-block-image\"><img loading=\"lazy\" decoding=\"async\" width=\"1024\" height=\"768\" src=\"http:\/\/www.real.edu.ee\/ajaveeb\/140b\/files\/2019\/05\/ajarannak1-1024x768.jpg\" alt=\"\" class=\"wp-image-2642\" srcset=\"https:\/\/www.real.edu.ee\/ajaveeb\/arh140b\/files\/2019\/05\/ajarannak1-1024x768.jpg 1024w, https:\/\/www.real.edu.ee\/ajaveeb\/arh140b\/files\/2019\/05\/ajarannak1-300x225.jpg 300w, https:\/\/www.real.edu.ee\/ajaveeb\/arh140b\/files\/2019\/05\/ajarannak1-768x576.jpg 768w, https:\/\/www.real.edu.ee\/ajaveeb\/arh140b\/files\/2019\/05\/ajarannak1.jpg 2016w\" sizes=\"auto, (max-width: 1024px) 100vw, 1024px\" \/><figcaption>Peo algust ootamas<br><br><\/figcaption><\/figure>\n\n\n\n<p style=\"text-align:right\">Tekst: Ingrid<\/p>\n\n\n\n<p style=\"text-align:right\">Pildid: klassijuhataja<\/p>\n","protected":false},"excerpt":{"rendered":"<p>2. mail reisisime ajas 150 aastat tagasi, aastasse 1869, millal toimus esimene \u00fcldlaulupidu. Sellel p\u00e4eval toimusid meil temaatilised tunnid ja hiljem ka simman ning rongk\u00e4ik. Tulime kooli teiseks tunniks ning suundusime aulasse \u00fchislaulmisele, kus lausime Vene keisririigi selleaegset h\u00fcmni &#8211; &#8220;Jumal keisrit kaitse sa&#8221;. Seej\u00e4rel toimus meie klassil matemaatikatund, kus me lahendasime murdekeeles nuputamis\u00fclesandeid ja [&hellip;]<\/p>\n","protected":false},"author":115,"featured_media":0,"comment_status":"open","ping_status":"open","sticky":false,"template":"","format":"standard","meta":{"footnotes":""},"categories":[6],"tags":[],"class_list":["post-2624","post","type-post","status-publish","format-standard","hentry","category-6-klass"],"_links":{"self":[{"href":"https:\/\/www.real.edu.ee\/ajaveeb\/arh140b\/wp-json\/wp\/v2\/posts\/2624","targetHints":{"allow":["GET"]}}],"collection":[{"href":"https:\/\/www.real.edu.ee\/ajaveeb\/arh140b\/wp-json\/wp\/v2\/posts"}],"about":[{"href":"https:\/\/www.real.edu.ee\/ajaveeb\/arh140b\/wp-json\/wp\/v2\/types\/post"}],"author":[{"embeddable":true,"href":"https:\/\/www.real.edu.ee\/ajaveeb\/arh140b\/wp-json\/wp\/v2\/users\/115"}],"replies":[{"embeddable":true,"href":"https:\/\/www.real.edu.ee\/ajaveeb\/arh140b\/wp-json\/wp\/v2\/comments?post=2624"}],"version-history":[{"count":6,"href":"https:\/\/www.real.edu.ee\/ajaveeb\/arh140b\/wp-json\/wp\/v2\/posts\/2624\/revisions"}],"predecessor-version":[{"id":2689,"href":"https:\/\/www.real.edu.ee\/ajaveeb\/arh140b\/wp-json\/wp\/v2\/posts\/2624\/revisions\/2689"}],"wp:attachment":[{"href":"https:\/\/www.real.edu.ee\/ajaveeb\/arh140b\/wp-json\/wp\/v2\/media?parent=2624"}],"wp:term":[{"taxonomy":"category","embeddable":true,"href":"https:\/\/www.real.edu.ee\/ajaveeb\/arh140b\/wp-json\/wp\/v2\/categories?post=2624"},{"taxonomy":"post_tag","embeddable":true,"href":"https:\/\/www.real.edu.ee\/ajaveeb\/arh140b\/wp-json\/wp\/v2\/tags?post=2624"}],"curies":[{"name":"wp","href":"https:\/\/api.w.org\/{rel}","templated":true}]}}