{"id":2593,"date":"2019-04-13T21:48:59","date_gmt":"2019-04-13T18:48:59","guid":{"rendered":"http:\/\/www.real.edu.ee\/ajaveeb\/140b\/?p=2593"},"modified":"2019-05-25T22:42:50","modified_gmt":"2019-05-25T19:42:50","slug":"kulalised-venemaalt","status":"publish","type":"post","link":"https:\/\/www.real.edu.ee\/ajaveeb\/arh140b\/2019\/04\/13\/kulalised-venemaalt\/","title":{"rendered":"K\u00fclalised Venemaalt"},"content":{"rendered":"<p>T\u00e4pselt samal reedel, peale kliimaketi meeleavaldusaktsiooni jooksime ruttu kooli, et \u00f5igeks ajaks kontserdile j\u00f5uda. Nimelt oli Reaalkooli k\u00fclla tulnud Jekaterinburgi Riikliku ooperi- ja balletiteatri koor, kes osales Tallinnas laulukonkursil ning otsustasid ka meid oma lauluga r\u00f5\u00f5mustama tulla. Eeskava oli v\u00e4ga huvitav ja mitmek\u00fclgne, laule kuulates tekkis v\u00e4rviline kujutluspilt silme ette ning leidsidki ennast sealt, kuhu kujutlusv\u00f5ime vili end kandis. Laule oli erinevaid nii klassikalisi kui ka kaasaegseid kooriteoseid. Meie klassi arvates sarnanesid m\u00f5ned laulud muusikatunnis kuulatud A. Melln\u00e4si &#8220;Agleptaga&#8221;. Lugudele olid tehtud v\u00e4ga muusikalised ning \u00e4gedad liikumised, mis olid ka h\u00e4sti s\u00fcnkroonitud. Esitusest oli n\u00e4ha, et on n\u00e4htud palju vaeva hea asja eest. Tavaliselt seda ausalt \u00f6elda ei saa, aga see oli lausa p\u00f5nev. Kindlasti saime selle koolitunni v\u00e4ga kultuurselt ja huvitavalt veedetud!<\/p>\n<div id=\"attachment_2671\" style=\"width: 310px\" class=\"wp-caption alignnone\"><img loading=\"lazy\" decoding=\"async\" aria-describedby=\"caption-attachment-2671\" class=\"wp-image-2671 size-medium\" src=\"http:\/\/www.real.edu.ee\/ajaveeb\/140b\/files\/2019\/05\/uraloperakoor-300x225.jpg\" alt=\"\" width=\"300\" height=\"225\" srcset=\"https:\/\/www.real.edu.ee\/ajaveeb\/arh140b\/files\/2019\/05\/uraloperakoor-300x225.jpg 300w, https:\/\/www.real.edu.ee\/ajaveeb\/arh140b\/files\/2019\/05\/uraloperakoor-768x576.jpg 768w, https:\/\/www.real.edu.ee\/ajaveeb\/arh140b\/files\/2019\/05\/uraloperakoor-1024x768.jpg 1024w\" sizes=\"auto, (max-width: 300px) 100vw, 300px\" \/><p id=\"caption-attachment-2671\" class=\"wp-caption-text\">Postkaart venemaalt<\/p><\/div>\n<p style=\"text-align: right\">Ingrid<\/p>\n","protected":false},"excerpt":{"rendered":"<p>T\u00e4pselt samal reedel, peale kliimaketi meeleavaldusaktsiooni jooksime ruttu kooli, et \u00f5igeks ajaks kontserdile j\u00f5uda. Nimelt oli Reaalkooli k\u00fclla tulnud Jekaterinburgi Riikliku ooperi- ja balletiteatri koor, kes osales Tallinnas laulukonkursil ning otsustasid ka meid oma lauluga r\u00f5\u00f5mustama tulla. Eeskava oli v\u00e4ga huvitav ja mitmek\u00fclgne, laule kuulates tekkis v\u00e4rviline kujutluspilt silme ette ning leidsidki ennast sealt, kuhu [&hellip;]<\/p>\n","protected":false},"author":115,"featured_media":0,"comment_status":"open","ping_status":"open","sticky":false,"template":"","format":"standard","meta":{"footnotes":""},"categories":[6],"tags":[],"class_list":["post-2593","post","type-post","status-publish","format-standard","hentry","category-6-klass"],"_links":{"self":[{"href":"https:\/\/www.real.edu.ee\/ajaveeb\/arh140b\/wp-json\/wp\/v2\/posts\/2593","targetHints":{"allow":["GET"]}}],"collection":[{"href":"https:\/\/www.real.edu.ee\/ajaveeb\/arh140b\/wp-json\/wp\/v2\/posts"}],"about":[{"href":"https:\/\/www.real.edu.ee\/ajaveeb\/arh140b\/wp-json\/wp\/v2\/types\/post"}],"author":[{"embeddable":true,"href":"https:\/\/www.real.edu.ee\/ajaveeb\/arh140b\/wp-json\/wp\/v2\/users\/115"}],"replies":[{"embeddable":true,"href":"https:\/\/www.real.edu.ee\/ajaveeb\/arh140b\/wp-json\/wp\/v2\/comments?post=2593"}],"version-history":[{"count":9,"href":"https:\/\/www.real.edu.ee\/ajaveeb\/arh140b\/wp-json\/wp\/v2\/posts\/2593\/revisions"}],"predecessor-version":[{"id":2710,"href":"https:\/\/www.real.edu.ee\/ajaveeb\/arh140b\/wp-json\/wp\/v2\/posts\/2593\/revisions\/2710"}],"wp:attachment":[{"href":"https:\/\/www.real.edu.ee\/ajaveeb\/arh140b\/wp-json\/wp\/v2\/media?parent=2593"}],"wp:term":[{"taxonomy":"category","embeddable":true,"href":"https:\/\/www.real.edu.ee\/ajaveeb\/arh140b\/wp-json\/wp\/v2\/categories?post=2593"},{"taxonomy":"post_tag","embeddable":true,"href":"https:\/\/www.real.edu.ee\/ajaveeb\/arh140b\/wp-json\/wp\/v2\/tags?post=2593"}],"curies":[{"name":"wp","href":"https:\/\/api.w.org\/{rel}","templated":true}]}}