{"id":2445,"date":"2018-09-29T14:55:11","date_gmt":"2018-09-29T11:55:11","guid":{"rendered":"http:\/\/www.real.edu.ee\/ajaveeb\/140b\/?p=2445"},"modified":"2018-09-29T14:55:11","modified_gmt":"2018-09-29T11:55:11","slug":"kulaline-postimehest","status":"publish","type":"post","link":"https:\/\/www.real.edu.ee\/ajaveeb\/arh140b\/2018\/09\/29\/kulaline-postimehest\/","title":{"rendered":"K\u00fclaline Postimehest"},"content":{"rendered":"<h4>Eesti keele projekti raames k\u00fclastas meid Postimehe ajakirjanik Anna P\u00f5ld. Ta r\u00e4\u00e4kis meile ajakirjandusest, Postimehest ja oma t\u00f6\u00f6 v\u00e4rvikaest hetkedest. T\u00e4nud esinejale!<\/h4>\n<p><img loading=\"lazy\" decoding=\"async\" class=\"alignnone wp-image-2446\" src=\"http:\/\/www.real.edu.ee\/ajaveeb\/140b\/files\/2018\/09\/ajaleht-300x225.jpg\" alt=\"\" width=\"500\" height=\"375\" srcset=\"https:\/\/www.real.edu.ee\/ajaveeb\/arh140b\/files\/2018\/09\/ajaleht-300x225.jpg 300w, https:\/\/www.real.edu.ee\/ajaveeb\/arh140b\/files\/2018\/09\/ajaleht-768x576.jpg 768w, https:\/\/www.real.edu.ee\/ajaveeb\/arh140b\/files\/2018\/09\/ajaleht-1024x768.jpg 1024w\" sizes=\"auto, (max-width: 500px) 100vw, 500px\" \/><\/p>\n<h5 style=\"text-align: right\">Tekst ja pilt: Saskia<\/h5>\n","protected":false},"excerpt":{"rendered":"<p>Eesti keele projekti raames k\u00fclastas meid Postimehe ajakirjanik Anna P\u00f5ld. Ta r\u00e4\u00e4kis meile ajakirjandusest, Postimehest ja oma t\u00f6\u00f6 v\u00e4rvikaest hetkedest. T\u00e4nud esinejale! Tekst ja pilt: Saskia<\/p>\n","protected":false},"author":115,"featured_media":0,"comment_status":"open","ping_status":"open","sticky":false,"template":"","format":"standard","meta":{"footnotes":""},"categories":[6],"tags":[],"class_list":["post-2445","post","type-post","status-publish","format-standard","hentry","category-6-klass"],"_links":{"self":[{"href":"https:\/\/www.real.edu.ee\/ajaveeb\/arh140b\/wp-json\/wp\/v2\/posts\/2445","targetHints":{"allow":["GET"]}}],"collection":[{"href":"https:\/\/www.real.edu.ee\/ajaveeb\/arh140b\/wp-json\/wp\/v2\/posts"}],"about":[{"href":"https:\/\/www.real.edu.ee\/ajaveeb\/arh140b\/wp-json\/wp\/v2\/types\/post"}],"author":[{"embeddable":true,"href":"https:\/\/www.real.edu.ee\/ajaveeb\/arh140b\/wp-json\/wp\/v2\/users\/115"}],"replies":[{"embeddable":true,"href":"https:\/\/www.real.edu.ee\/ajaveeb\/arh140b\/wp-json\/wp\/v2\/comments?post=2445"}],"version-history":[{"count":6,"href":"https:\/\/www.real.edu.ee\/ajaveeb\/arh140b\/wp-json\/wp\/v2\/posts\/2445\/revisions"}],"predecessor-version":[{"id":2452,"href":"https:\/\/www.real.edu.ee\/ajaveeb\/arh140b\/wp-json\/wp\/v2\/posts\/2445\/revisions\/2452"}],"wp:attachment":[{"href":"https:\/\/www.real.edu.ee\/ajaveeb\/arh140b\/wp-json\/wp\/v2\/media?parent=2445"}],"wp:term":[{"taxonomy":"category","embeddable":true,"href":"https:\/\/www.real.edu.ee\/ajaveeb\/arh140b\/wp-json\/wp\/v2\/categories?post=2445"},{"taxonomy":"post_tag","embeddable":true,"href":"https:\/\/www.real.edu.ee\/ajaveeb\/arh140b\/wp-json\/wp\/v2\/tags?post=2445"}],"curies":[{"name":"wp","href":"https:\/\/api.w.org\/{rel}","templated":true}]}}