{"id":2292,"date":"2018-05-10T19:08:59","date_gmt":"2018-05-10T16:08:59","guid":{"rendered":"http:\/\/www.real.edu.ee\/ajaveeb\/140b\/?p=2292"},"modified":"2018-06-02T21:56:36","modified_gmt":"2018-06-02T18:56:36","slug":"fll-voistlus-ungaris","status":"publish","type":"post","link":"https:\/\/www.real.edu.ee\/ajaveeb\/arh140b\/2018\/05\/10\/fll-voistlus-ungaris\/","title":{"rendered":"FLL v\u00f5istlus Ungaris"},"content":{"rendered":"<h4>Sel maikuul toimus Ungaris robotite v\u00f5istlus FLL ehk First Lego League (t\u00f5lgitult Esimene Lego Liiga), kus k\u00e4isid meie klassist Uku, Luka ja P\u00e4rtel.\u00a0Muidugi k\u00e4idi enne v\u00f5istlust ka veepargis. Luka s\u00f5nul\u00a0l\u00e4ks \u00fcritus h\u00e4sti ja neil oli l\u00f5bus. Asjad,\u00a0mida hinnati,\u00a0olid robotim\u00e4ng, projekt ja p\u00f5hiv\u00e4\u00e4rtused. Nende s\u00f5nul ei tea nad \u00fcle\u00fcldist kohta, kuid nad teavad, et said projekti esitluses 2. koha, mis on v\u00e4ga hea, sest tegu oli \u00fclemaailmse v\u00f5istlusega, kus osales \u00fcle 60 riigi!<\/h4>\n<div id=\"attachment_2305\" style=\"width: 510px\" class=\"wp-caption alignnone\"><img loading=\"lazy\" decoding=\"async\" aria-describedby=\"caption-attachment-2305\" class=\"wp-image-2305\" src=\"http:\/\/www.real.edu.ee\/ajaveeb\/140b\/files\/2018\/05\/4F94617E-6D08-4879-99D6-F78EF8D62A86-150x150.jpeg\" alt=\"\" width=\"500\" height=\"375\" srcset=\"https:\/\/www.real.edu.ee\/ajaveeb\/arh140b\/files\/2018\/05\/4F94617E-6D08-4879-99D6-F78EF8D62A86-300x225.jpeg 300w, https:\/\/www.real.edu.ee\/ajaveeb\/arh140b\/files\/2018\/05\/4F94617E-6D08-4879-99D6-F78EF8D62A86.jpeg 500w\" sizes=\"auto, (max-width: 500px) 100vw, 500px\" \/><p id=\"caption-attachment-2305\" class=\"wp-caption-text\">V\u00f5istlus<\/p><\/div>\n<h6>Tekst: Remo Pilt:\u00a0<a href=\"https:\/\/firstroboticsbc.org\/2018\/02\/08\/bc-fll-championship-results\/\">https:\/\/firstroboticsbc.org\/2018\/02\/08\/bc-fll-championship-results\/<\/a><\/h6>\n","protected":false},"excerpt":{"rendered":"<p>Sel maikuul toimus Ungaris robotite v\u00f5istlus FLL ehk First Lego League (t\u00f5lgitult Esimene Lego Liiga), kus k\u00e4isid meie klassist Uku, Luka ja P\u00e4rtel.\u00a0Muidugi k\u00e4idi enne v\u00f5istlust ka veepargis. Luka s\u00f5nul\u00a0l\u00e4ks \u00fcritus h\u00e4sti ja neil oli l\u00f5bus. Asjad,\u00a0mida hinnati,\u00a0olid robotim\u00e4ng, projekt ja p\u00f5hiv\u00e4\u00e4rtused. Nende s\u00f5nul ei tea nad \u00fcle\u00fcldist kohta, kuid nad teavad, et said projekti [&hellip;]<\/p>\n","protected":false},"author":115,"featured_media":0,"comment_status":"open","ping_status":"open","sticky":false,"template":"","format":"standard","meta":{"footnotes":""},"categories":[5],"tags":[],"class_list":["post-2292","post","type-post","status-publish","format-standard","hentry","category-5-klass"],"_links":{"self":[{"href":"https:\/\/www.real.edu.ee\/ajaveeb\/arh140b\/wp-json\/wp\/v2\/posts\/2292","targetHints":{"allow":["GET"]}}],"collection":[{"href":"https:\/\/www.real.edu.ee\/ajaveeb\/arh140b\/wp-json\/wp\/v2\/posts"}],"about":[{"href":"https:\/\/www.real.edu.ee\/ajaveeb\/arh140b\/wp-json\/wp\/v2\/types\/post"}],"author":[{"embeddable":true,"href":"https:\/\/www.real.edu.ee\/ajaveeb\/arh140b\/wp-json\/wp\/v2\/users\/115"}],"replies":[{"embeddable":true,"href":"https:\/\/www.real.edu.ee\/ajaveeb\/arh140b\/wp-json\/wp\/v2\/comments?post=2292"}],"version-history":[{"count":6,"href":"https:\/\/www.real.edu.ee\/ajaveeb\/arh140b\/wp-json\/wp\/v2\/posts\/2292\/revisions"}],"predecessor-version":[{"id":2362,"href":"https:\/\/www.real.edu.ee\/ajaveeb\/arh140b\/wp-json\/wp\/v2\/posts\/2292\/revisions\/2362"}],"wp:attachment":[{"href":"https:\/\/www.real.edu.ee\/ajaveeb\/arh140b\/wp-json\/wp\/v2\/media?parent=2292"}],"wp:term":[{"taxonomy":"category","embeddable":true,"href":"https:\/\/www.real.edu.ee\/ajaveeb\/arh140b\/wp-json\/wp\/v2\/categories?post=2292"},{"taxonomy":"post_tag","embeddable":true,"href":"https:\/\/www.real.edu.ee\/ajaveeb\/arh140b\/wp-json\/wp\/v2\/tags?post=2292"}],"curies":[{"name":"wp","href":"https:\/\/api.w.org\/{rel}","templated":true}]}}