{"id":1942,"date":"2017-12-06T21:44:44","date_gmt":"2017-12-06T19:44:44","guid":{"rendered":"http:\/\/www.real.edu.ee\/ajaveeb\/140b\/?p=1942"},"modified":"2017-12-06T21:58:31","modified_gmt":"2017-12-06T19:58:31","slug":"soome-100","status":"publish","type":"post","link":"https:\/\/www.real.edu.ee\/ajaveeb\/arh140b\/2017\/12\/06\/soome-100\/","title":{"rendered":"Soome 100"},"content":{"rendered":"<p>&nbsp;<\/p>\n<h3>Pidustused Soome\u00a0100 raames<\/h3>\n<h4>Soome\u00a0iseseisvus t\u00e4nasest p\u00e4evast t\u00e4pselt 100 aastat tagasi.<\/h4>\n<h4>Pidustusi peeti ka meie\u00a0koolis\u00a0ning\u00a0ka meie klassis, kes siis meie klassist v\u00f5ttis osa pidustustest, kuid t\u00e4na olime k\u00f5ik, ikka m\u00f5ttega Soome juures.<\/h4>\n\n\t\t<style type=\"text\/css\">\n\t\t\t#gallery-1 {\n\t\t\t\tmargin: auto;\n\t\t\t}\n\t\t\t#gallery-1 .gallery-item {\n\t\t\t\tfloat: left;\n\t\t\t\tmargin-top: 10px;\n\t\t\t\ttext-align: center;\n\t\t\t\twidth: 33%;\n\t\t\t}\n\t\t\t#gallery-1 img {\n\t\t\t\tborder: 2px solid #cfcfcf;\n\t\t\t}\n\t\t\t#gallery-1 .gallery-caption {\n\t\t\t\tmargin-left: 0;\n\t\t\t}\n\t\t\t\/* see gallery_shortcode() in wp-includes\/media.php *\/\n\t\t<\/style>\n\t\t<div id='gallery-1' class='gallery galleryid-1942 gallery-columns-3 gallery-size-medium'><dl class='gallery-item'>\n\t\t\t<dt class='gallery-icon portrait'>\n\t\t\t\t<a href='https:\/\/www.real.edu.ee\/ajaveeb\/arh140b\/2017\/12\/06\/soome-100\/soome100\/'><img loading=\"lazy\" decoding=\"async\" width=\"249\" height=\"300\" src=\"https:\/\/www.real.edu.ee\/ajaveeb\/arh140b\/files\/2017\/12\/soome100-249x300.jpeg\" class=\"attachment-medium size-medium\" alt=\"\" srcset=\"https:\/\/www.real.edu.ee\/ajaveeb\/arh140b\/files\/2017\/12\/soome100-249x300.jpeg 249w, https:\/\/www.real.edu.ee\/ajaveeb\/arh140b\/files\/2017\/12\/soome100-768x925.jpeg 768w, https:\/\/www.real.edu.ee\/ajaveeb\/arh140b\/files\/2017\/12\/soome100-850x1024.jpeg 850w, https:\/\/www.real.edu.ee\/ajaveeb\/arh140b\/files\/2017\/12\/soome100-e1512589777263.jpeg 415w\" sizes=\"auto, (max-width: 249px) 100vw, 249px\" \/><\/a>\n\t\t\t<\/dt><\/dl>\n\t\t\t<br style='clear: both' \/>\n\t\t<\/div>\n\n<h3>Faktid Soomest:<\/h3>\n<h4>Soome rahvaarv 2017. aasta seisuga on 5 556 774<\/h4>\n<h4>Soome keeles Soome sada on Suomen sata.<\/h4>\n<h4>Soome president on Sauli Niinist\u00f6.<\/h4>\n<h4>Soomes asub j\u00f5uluvana k\u00fcla, kus legendi j\u00e4rgi t\u00f6\u00f6tab ja elab j\u00f5uluvana.<\/h4>\n<h4>Soome pindala on 338\u00a0424 km\u00b2.<\/h4>\n\n\t\t<style type=\"text\/css\">\n\t\t\t#gallery-2 {\n\t\t\t\tmargin: auto;\n\t\t\t}\n\t\t\t#gallery-2 .gallery-item {\n\t\t\t\tfloat: left;\n\t\t\t\tmargin-top: 10px;\n\t\t\t\ttext-align: center;\n\t\t\t\twidth: 33%;\n\t\t\t}\n\t\t\t#gallery-2 img {\n\t\t\t\tborder: 2px solid #cfcfcf;\n\t\t\t}\n\t\t\t#gallery-2 .gallery-caption {\n\t\t\t\tmargin-left: 0;\n\t\t\t}\n\t\t\t\/* see gallery_shortcode() in wp-includes\/media.php *\/\n\t\t<\/style>\n\t\t<div id='gallery-2' class='gallery galleryid-1942 gallery-columns-3 gallery-size-full'><dl class='gallery-item'>\n\t\t\t<dt class='gallery-icon portrait'>\n\t\t\t\t<a href='https:\/\/www.real.edu.ee\/ajaveeb\/arh140b\/2017\/12\/06\/soome-100\/soome-vapp\/'><img loading=\"lazy\" decoding=\"async\" width=\"150\" height=\"188\" src=\"https:\/\/www.real.edu.ee\/ajaveeb\/arh140b\/files\/2017\/12\/soome-vapp-e1512589912679.png\" class=\"attachment-full size-full\" alt=\"\" \/><\/a>\n\t\t\t<\/dt><\/dl>\n\t\t\t<br style='clear: both' \/>\n\t\t<\/div>\n\n<h4>Soome vapp<\/h4>\n<h5>Allikas:<a href=\"https:\/\/et.wikipedia.org\/wiki\/Soome\">https:\/\/et.wikipedia.org\/wiki\/Soome<\/a><\/h5>\n\n\t\t<style type=\"text\/css\">\n\t\t\t#gallery-3 {\n\t\t\t\tmargin: auto;\n\t\t\t}\n\t\t\t#gallery-3 .gallery-item {\n\t\t\t\tfloat: left;\n\t\t\t\tmargin-top: 10px;\n\t\t\t\ttext-align: center;\n\t\t\t\twidth: 33%;\n\t\t\t}\n\t\t\t#gallery-3 img {\n\t\t\t\tborder: 2px solid #cfcfcf;\n\t\t\t}\n\t\t\t#gallery-3 .gallery-caption {\n\t\t\t\tmargin-left: 0;\n\t\t\t}\n\t\t\t\/* see gallery_shortcode() in wp-includes\/media.php *\/\n\t\t<\/style>\n\t\t<div id='gallery-3' class='gallery galleryid-1942 gallery-columns-3 gallery-size-full'><dl class='gallery-item'>\n\t\t\t<dt class='gallery-icon landscape'>\n\t\t\t\t<a href='https:\/\/www.real.edu.ee\/ajaveeb\/arh140b\/2017\/12\/06\/soome-100\/soome-lipp\/'><img loading=\"lazy\" decoding=\"async\" width=\"300\" height=\"183\" src=\"https:\/\/www.real.edu.ee\/ajaveeb\/arh140b\/files\/2017\/12\/soome-lipp-e1512589868456.png\" class=\"attachment-full size-full\" alt=\"\" \/><\/a>\n\t\t\t<\/dt><\/dl>\n\t\t\t<br style='clear: both' \/>\n\t\t<\/div>\n\n<h4 style=\"text-align: left\">Soome lipp<\/h4>\n<h5>Allikas:\u00a0<a href=\"https:\/\/et.wikipedia.org\/wiki\/Soome\">https:\/\/et.wikipedia.org\/wiki\/Soome<\/a><\/h5>\n<h5 style=\"text-align: right\">Koostas: Saskia Pilt: Annabel<\/h5>\n<p>&nbsp;<\/p>\n","protected":false},"excerpt":{"rendered":"<p>&nbsp; Pidustused Soome\u00a0100 raames Soome\u00a0iseseisvus t\u00e4nasest p\u00e4evast t\u00e4pselt 100 aastat tagasi. Pidustusi peeti ka meie\u00a0koolis\u00a0ning\u00a0ka meie klassis, kes siis meie klassist v\u00f5ttis osa pidustustest, kuid t\u00e4na olime k\u00f5ik, ikka m\u00f5ttega Soome juures. Faktid Soomest: Soome rahvaarv 2017. aasta seisuga on 5 556 774 Soome keeles Soome sada on Suomen sata. Soome president on Sauli Niinist\u00f6. [&hellip;]<\/p>\n","protected":false},"author":115,"featured_media":0,"comment_status":"open","ping_status":"open","sticky":false,"template":"","format":"standard","meta":{"footnotes":""},"categories":[5],"tags":[],"class_list":["post-1942","post","type-post","status-publish","format-standard","hentry","category-5-klass"],"_links":{"self":[{"href":"https:\/\/www.real.edu.ee\/ajaveeb\/arh140b\/wp-json\/wp\/v2\/posts\/1942","targetHints":{"allow":["GET"]}}],"collection":[{"href":"https:\/\/www.real.edu.ee\/ajaveeb\/arh140b\/wp-json\/wp\/v2\/posts"}],"about":[{"href":"https:\/\/www.real.edu.ee\/ajaveeb\/arh140b\/wp-json\/wp\/v2\/types\/post"}],"author":[{"embeddable":true,"href":"https:\/\/www.real.edu.ee\/ajaveeb\/arh140b\/wp-json\/wp\/v2\/users\/115"}],"replies":[{"embeddable":true,"href":"https:\/\/www.real.edu.ee\/ajaveeb\/arh140b\/wp-json\/wp\/v2\/comments?post=1942"}],"version-history":[{"count":5,"href":"https:\/\/www.real.edu.ee\/ajaveeb\/arh140b\/wp-json\/wp\/v2\/posts\/1942\/revisions"}],"predecessor-version":[{"id":1950,"href":"https:\/\/www.real.edu.ee\/ajaveeb\/arh140b\/wp-json\/wp\/v2\/posts\/1942\/revisions\/1950"}],"wp:attachment":[{"href":"https:\/\/www.real.edu.ee\/ajaveeb\/arh140b\/wp-json\/wp\/v2\/media?parent=1942"}],"wp:term":[{"taxonomy":"category","embeddable":true,"href":"https:\/\/www.real.edu.ee\/ajaveeb\/arh140b\/wp-json\/wp\/v2\/categories?post=1942"},{"taxonomy":"post_tag","embeddable":true,"href":"https:\/\/www.real.edu.ee\/ajaveeb\/arh140b\/wp-json\/wp\/v2\/tags?post=1942"}],"curies":[{"name":"wp","href":"https:\/\/api.w.org\/{rel}","templated":true}]}}