{"id":1924,"date":"2017-11-17T21:48:02","date_gmt":"2017-11-17T19:48:02","guid":{"rendered":"http:\/\/www.real.edu.ee\/ajaveeb\/140b\/?p=1924"},"modified":"2020-02-20T21:48:38","modified_gmt":"2020-02-20T19:48:38","slug":"meil-kais-kulas-egea-tartu","status":"publish","type":"post","link":"https:\/\/www.real.edu.ee\/ajaveeb\/arh140b\/2017\/11\/17\/meil-kais-kulas-egea-tartu\/","title":{"rendered":"Meil k\u00e4is k\u00fclas EGEA-Tartu!"},"content":{"rendered":"<p>Meie klassil k\u00e4isid k\u00fclas \u00fcli\u00f5pilased, kes tegid meile huvitava tunni ilma kohta. Vaatasime ning tutvusime erinevate seadeldistega, mida ilma vaatlemisel ja ennustamisel kasutatakse. Katsetasime ka ise ja t\u00e4itsime t\u00f6\u00f6lehti. Tunnis r\u00e4\u00e4kisime veel erinevatest pilvedest ning sellest kuidas see ilma ennustamine t\u00e4pselt k\u00e4ib. Tutvusime termomeetri, baromeetri, h\u00fcdromeetri ja sademete m\u00f5\u00f5tjaga. Oli v\u00e4ga \u00e4ge tund ning saime palju targemaks!<\/p>\n<p>Tekst: Ingrid<\/p>\n<p>Pildid: Annabel<\/p>\n\n\t\t<style type=\"text\/css\">\n\t\t\t#gallery-1 {\n\t\t\t\tmargin: auto;\n\t\t\t}\n\t\t\t#gallery-1 .gallery-item {\n\t\t\t\tfloat: left;\n\t\t\t\tmargin-top: 10px;\n\t\t\t\ttext-align: center;\n\t\t\t\twidth: 33%;\n\t\t\t}\n\t\t\t#gallery-1 img {\n\t\t\t\tborder: 2px solid #cfcfcf;\n\t\t\t}\n\t\t\t#gallery-1 .gallery-caption {\n\t\t\t\tmargin-left: 0;\n\t\t\t}\n\t\t\t\/* see gallery_shortcode() in wp-includes\/media.php *\/\n\t\t<\/style>\n\t\t<div id='gallery-1' class='gallery galleryid-1924 gallery-columns-3 gallery-size-thumbnail'><dl class='gallery-item'>\n\t\t\t<dt class='gallery-icon portrait'>\n\t\t\t\t<a href='https:\/\/www.real.edu.ee\/ajaveeb\/arh140b\/2017\/11\/17\/meil-kais-kulas-egea-tartu\/received_189057971670476\/'><img loading=\"lazy\" decoding=\"async\" width=\"150\" height=\"150\" src=\"https:\/\/www.real.edu.ee\/ajaveeb\/arh140b\/files\/2017\/11\/received_189057971670476-150x150.jpeg\" class=\"attachment-thumbnail size-thumbnail\" alt=\"\" \/><\/a>\n\t\t\t<\/dt><\/dl><dl class='gallery-item'>\n\t\t\t<dt class='gallery-icon portrait'>\n\t\t\t\t<a href='https:\/\/www.real.edu.ee\/ajaveeb\/arh140b\/2017\/11\/17\/meil-kais-kulas-egea-tartu\/received_189057975003809\/'><img loading=\"lazy\" decoding=\"async\" width=\"150\" height=\"150\" src=\"https:\/\/www.real.edu.ee\/ajaveeb\/arh140b\/files\/2017\/11\/received_189057975003809-150x150.jpeg\" class=\"attachment-thumbnail size-thumbnail\" alt=\"\" \/><\/a>\n\t\t\t<\/dt><\/dl><dl class='gallery-item'>\n\t\t\t<dt class='gallery-icon portrait'>\n\t\t\t\t<a href='https:\/\/www.real.edu.ee\/ajaveeb\/arh140b\/2017\/11\/17\/meil-kais-kulas-egea-tartu\/received_189058038337136\/'><img loading=\"lazy\" decoding=\"async\" width=\"150\" height=\"150\" src=\"https:\/\/www.real.edu.ee\/ajaveeb\/arh140b\/files\/2017\/11\/received_189058038337136-150x150.jpeg\" class=\"attachment-thumbnail size-thumbnail\" alt=\"\" \/><\/a>\n\t\t\t<\/dt><\/dl><br style=\"clear: both\" \/><dl class='gallery-item'>\n\t\t\t<dt class='gallery-icon portrait'>\n\t\t\t\t<a href='https:\/\/www.real.edu.ee\/ajaveeb\/arh140b\/2017\/11\/17\/meil-kais-kulas-egea-tartu\/received_189058048337135\/'><img loading=\"lazy\" decoding=\"async\" width=\"150\" height=\"150\" src=\"https:\/\/www.real.edu.ee\/ajaveeb\/arh140b\/files\/2017\/11\/received_189058048337135-150x150.jpeg\" class=\"attachment-thumbnail size-thumbnail\" alt=\"\" \/><\/a>\n\t\t\t<\/dt><\/dl><dl class='gallery-item'>\n\t\t\t<dt class='gallery-icon portrait'>\n\t\t\t\t<a href='https:\/\/www.real.edu.ee\/ajaveeb\/arh140b\/2017\/11\/17\/meil-kais-kulas-egea-tartu\/received_189058038337136-2\/'><img loading=\"lazy\" decoding=\"async\" width=\"150\" height=\"150\" src=\"https:\/\/www.real.edu.ee\/ajaveeb\/arh140b\/files\/2017\/11\/received_189058038337136-1-150x150.jpeg\" class=\"attachment-thumbnail size-thumbnail\" alt=\"\" \/><\/a>\n\t\t\t<\/dt><\/dl>\n\t\t\t<br style='clear: both' \/>\n\t\t<\/div>\n\n","protected":false},"excerpt":{"rendered":"<p>Meie klassil k\u00e4isid k\u00fclas \u00fcli\u00f5pilased, kes tegid meile huvitava tunni ilma kohta. Vaatasime ning tutvusime erinevate seadeldistega, mida ilma vaatlemisel ja ennustamisel kasutatakse. Katsetasime ka ise ja t\u00e4itsime t\u00f6\u00f6lehti. Tunnis r\u00e4\u00e4kisime veel erinevatest pilvedest ning sellest kuidas see ilma ennustamine t\u00e4pselt k\u00e4ib. Tutvusime termomeetri, baromeetri, h\u00fcdromeetri ja sademete m\u00f5\u00f5tjaga. Oli v\u00e4ga \u00e4ge tund ning saime [&hellip;]<\/p>\n","protected":false},"author":115,"featured_media":0,"comment_status":"open","ping_status":"open","sticky":false,"template":"","format":"standard","meta":{"footnotes":""},"categories":[5],"tags":[],"class_list":["post-1924","post","type-post","status-publish","format-standard","hentry","category-5-klass"],"_links":{"self":[{"href":"https:\/\/www.real.edu.ee\/ajaveeb\/arh140b\/wp-json\/wp\/v2\/posts\/1924","targetHints":{"allow":["GET"]}}],"collection":[{"href":"https:\/\/www.real.edu.ee\/ajaveeb\/arh140b\/wp-json\/wp\/v2\/posts"}],"about":[{"href":"https:\/\/www.real.edu.ee\/ajaveeb\/arh140b\/wp-json\/wp\/v2\/types\/post"}],"author":[{"embeddable":true,"href":"https:\/\/www.real.edu.ee\/ajaveeb\/arh140b\/wp-json\/wp\/v2\/users\/115"}],"replies":[{"embeddable":true,"href":"https:\/\/www.real.edu.ee\/ajaveeb\/arh140b\/wp-json\/wp\/v2\/comments?post=1924"}],"version-history":[{"count":4,"href":"https:\/\/www.real.edu.ee\/ajaveeb\/arh140b\/wp-json\/wp\/v2\/posts\/1924\/revisions"}],"predecessor-version":[{"id":3170,"href":"https:\/\/www.real.edu.ee\/ajaveeb\/arh140b\/wp-json\/wp\/v2\/posts\/1924\/revisions\/3170"}],"wp:attachment":[{"href":"https:\/\/www.real.edu.ee\/ajaveeb\/arh140b\/wp-json\/wp\/v2\/media?parent=1924"}],"wp:term":[{"taxonomy":"category","embeddable":true,"href":"https:\/\/www.real.edu.ee\/ajaveeb\/arh140b\/wp-json\/wp\/v2\/categories?post=1924"},{"taxonomy":"post_tag","embeddable":true,"href":"https:\/\/www.real.edu.ee\/ajaveeb\/arh140b\/wp-json\/wp\/v2\/tags?post=1924"}],"curies":[{"name":"wp","href":"https:\/\/api.w.org\/{rel}","templated":true}]}}